{"id":4651,"date":"2026-04-28T18:10:00","date_gmt":"2026-04-28T16:10:00","guid":{"rendered":"https:\/\/www.profilgruppen.se\/mfn_news\/profilgruppen-ab-beslut-fran-arsstamma-3\/"},"modified":"2026-04-28T18:10:00","modified_gmt":"2026-04-28T16:10:00","slug":"profilgruppen-ab-beslut-fran-arsstamma-3","status":"publish","type":"mfn_news","link":"https:\/\/www.profilgruppen.se\/en\/pressmeddelanden\/profilgruppen-ab-beslut-fran-arsstamma-3\/","title":{"rendered":"ProfilGruppen AB: Beslut fr\u00e5n \u00e5rsst\u00e4mma"},"content":{"rendered":"<div class=\"mfn-body\">\n<p class=\"mfn-wp-retain\">Vid dagens &aring;rsst&auml;mma deltog cirka 40 aktie&auml;gare och lika m&aring;nga g&auml;ster. St&auml;mman leddes av Bengt Stillstr&ouml;m.<br \/><strong>&nbsp;<\/strong><br \/><strong>VD sammanfattade 2025<\/strong><br \/>VD och koncernchef Kerstin Konradsson&nbsp;sammanfattade h&auml;ndelser och aktiviteter i ProfilGruppen under 2025.<br \/><strong>&nbsp;<\/strong><br \/><strong>Utdelning beslutades<\/strong><br \/>St&auml;mman beslutade att att ingen utdelning f&ouml;r verksamhets&aring;ret 2025 ska utg&aring;.<br \/><strong>&nbsp;<\/strong><br \/><strong>Val av styrelse och revisor<\/strong><br \/>Nyval skedde av Anders Berggen, Per-Ola Holmstr&ouml;m och Karl S&ouml;derberg som styrelseledam&ouml;ter. Omval skedde av Bengt Stillstr&ouml;m som ledamot och styrelseordf&ouml;rande.<\/p>\n<p class=\"mfn-wp-retain\">Ordf&ouml;randen informerade om att de anst&auml;llda till sina representanter i styrelsen utsett Mikael Ekbring och Anders Johansson.<\/p>\n<p class=\"mfn-wp-retain\">Till&nbsp;revisor omvaldes, Grant Thornton Sweden AB, med Joakim S&ouml;derin som huvudansvarig revisor.<br \/><strong>&nbsp;<\/strong><br \/><strong>Arvoden<\/strong><br \/>&Aring;rsst&auml;mman beslutade att styrelsearvode f&ouml;r 2026 ska utg&aring; med 400 000 kr (400&nbsp;000) till styrelseordf&ouml;randen och 200 000 kr (200&nbsp;000) till envar &ouml;vrig st&auml;mmovald ledamot som inte &auml;r anst&auml;lld i koncernen.<\/p>\n<p class=\"mfn-wp-retain\">Ers&auml;ttnings- och revisionsutskotten inkluderas i styrelsens arbete och s&auml;rskilt arvode f&ouml;r dessa utg&aring;r ej. Till ledam&ouml;ter och suppleanter utsedda av de anst&auml;llda utg&aring;r inget arvode.<\/p>\n<p class=\"mfn-wp-retain\">Ers&auml;ttning till revisor beslutades utg&aring; enligt godk&auml;nd r&auml;kning.<br \/>&nbsp;<br \/><strong>Beslut om valberedning inf&ouml;r &aring;rsst&auml;mman 2027<\/strong><br \/>&Aring;rsst&auml;mman beslutade att valberedning inf&ouml;r &aring;rsst&auml;mma 2027 ska best&aring; av Bengt Stillstr&ouml;m, Lars Johansson, Mats Egeholm och Petter Stillstr&ouml;m.<br \/>&nbsp;<strong>&nbsp;<\/strong><br \/><strong>Bemyndigande f&ouml;r styrelsen att besluta om nyemission<\/strong><br \/>&Aring;rsst&auml;mman beslutade bemyndiga styrelsen att, under tiden fram till n&auml;sta &aring;rsst&auml;mma, vid ett eller flera tillf&auml;llen, med eller utan f&ouml;retr&auml;desr&auml;tt f&ouml;r aktie&auml;garna, besluta om nyemission av h&ouml;gst 700 000 aktier, motsvarande sammanlagt cirka 9,5 procent av aktiekapitalet. Beslutet om nyemission f&aring;r inneh&aring;lla best&auml;mmelser om att emitterade aktier f&aring;r betalas med apport, genom kvittning eller i &ouml;vrigt tecknas med villkor enligt 13 kap 5 &sect; f&ouml;rsta stycket 6 aktiebolagslagen. Styrelsen bemyndigas &auml;ven att i &ouml;vrigt best&auml;mma villkoren f&ouml;r nyemissionen.<\/p>\n<p class=\"mfn-wp-retain\">Beslutet fattades med erforderlig majoritet.<\/p>\n<p class=\"mfn-wp-retain\">Syftet med bemyndigandet &auml;r att bolaget ska kunna emittera aktier som k&ouml;peskillingslikvid i samband med f&ouml;rv&auml;rv av andra f&ouml;retag eller andelar av f&ouml;retag och\/eller tillg&aring;ngar, som styrelsen bed&ouml;mer vara av v&auml;rde f&ouml;r ProfilGruppen-koncernens verksamhet, eller f&ouml;r f&ouml;rst&auml;rkning av bolagets kapitalbas.<br \/>&nbsp;<br \/><strong>Fastst&auml;llande av handlingar<\/strong><br \/>Resultatr&auml;kningen och balansr&auml;kningen samt koncern-resultatr&auml;kningen och koncernbalansr&auml;kningen f&ouml;r 2025 fastst&auml;lldes. Styrelsens ers&auml;ttningsrapport godk&auml;ndes.<br \/>&nbsp;<br \/><strong>Protokoll fr&aring;n st&auml;mman<\/strong><br \/>Justerat protokoll fr&aring;n st&auml;mman kommer att publiceras p&aring; bolagets hemsida.<br \/>&nbsp;<br \/><strong>Ekonomisk information<\/strong><br \/>Del&aring;rsrapport f&ouml;r det andra kvartalet l&auml;mnas den 14 juli 2026 klockan 14.00. Datum f&ouml;r kommande ekonomisk information finns tillg&auml;ngliga p&aring; bolagets hemsida. <\/p>\n<p>&nbsp;<br \/>&Aring;seda den 28 april 2026<br \/>&nbsp;<br \/>&nbsp;<br \/>Styrelsen i ProfilGruppen AB (publ)<br \/>Orgnr 556277-8943<br \/>&nbsp;<\/p>\n<\/div>\n<div class=\"mfn-footer mfn-32376e47fb23\">\n<p class=\"mfn-wp-retain\"><strong class=\"mfn-heading-1\">F&ouml;r mer information, v&auml;nligen kontakta:<\/strong><\/p>\n<hr>\n<p class=\"mfn-wp-retain\">Bengt Stillstr&ouml;m, Styrelsens ordf&ouml;rande<br \/>Tel: 070-440 40 99<br \/>E-post: <a href=\"mailto:bengt.stillstrom@traction.se\" rel=\"noopener\" target=\"_blank\">bengt.stillstrom@traction.se<\/a><\/p>\n<p class=\"mfn-wp-retain\">Aktuell information och foto f&ouml;r fri publicering finns p&aring;&nbsp;<a href=\"http:\/\/www.profilgruppen.se\/\" rel=\"noopener\" target=\"_blank\">www.profilgruppen.se<\/a><\/p>\n<p class=\"mfn-wp-retain\">ProfilGruppen AB i sm&aring;l&auml;ndska &Aring;seda &auml;r en helhetsleverant&ouml;r av kundanpassade profiler och komponenter i aluminium. V&aring;r vision &auml;r att vi ska vara den mest eftertraktade leverant&ouml;ren&nbsp;av innovativa profill&ouml;sningar av aluminium i norra Europa.<\/p>\n<\/div>\n<div class=\"mfn-footer mfn-attachment mfn-attachment-general\">\n<p class=\"mfn-wp-retain\"><strong class=\"mfn-heading-1\">Bifogade filer<\/strong><\/p>\n<hr>\n<p class=\"mfn-wp-retain\"><a class=\"mfn-generated mfn-primary\" href=\"https:\/\/storage.mfn.se\/68d3b127-4055-49a5-8711-68436f710262\/profilgruppen-ab-beslut-fran-arsstamma.pdf\" rel=\"noopener\" target=\"_blank\">ProfilGruppen AB: Beslut fr&aring;n &aring;rsst&auml;mma<\/a><\/p>\n<\/div>\n<script>\n                Array.prototype.slice.call(document.querySelectorAll(\".mfn-footer.mfn-attachment\")).forEach(function (el) { el.remove() });\n            <\/script>\n        <div class=\"mfn-attachments-container\"><div class=\"mfn-attachment mfn-primary\"><a class=\"mfn-attachment-link\" href=\"https:\/\/storage.mfn.se\/68d3b127-4055-49a5-8711-68436f710262\/profilgruppen-ab-beslut-fran-arsstamma.pdf\"><span class=\"mfn-attachment-icon\"><img decoding=\"async\" src=\"https:\/\/storage.mfn.se\/68d3b127-4055-49a5-8711-68436f710262\/profilgruppen-ab-beslut-fran-arsstamma.pdf?type=jpg\"><\/span>ProfilGruppen AB: Beslut fr\u00e5n \u00e5rsst\u00e4mma<\/a><\/div><\/div>","protected":false},"excerpt":{"rendered":"<p>Vid dagens &aring;rsst&auml;mma deltog cirka 40 aktie&auml;gare och lika m&aring;nga g&auml;ster. St&auml;mman leddes av Bengt Stillstr&ouml;m.&nbsp;VD sammanfattade 2025VD och koncernchef Kerstin Konradsson&nbsp;sammanfattade h&auml;ndelser och aktiviteter i ProfilGruppen under 2025.&nbsp;Utdelning beslutadesSt&auml;mman beslutade att att ingen utdelning f&ouml;r verksamhets&aring;ret 2025 ska utg&aring;.&nbsp;Val av styrelse och revisorNyval skedde av Anders Berggen, Per-Ola Holmstr&ouml;m och Karl S&ouml;derberg som styrelseledam&ouml;ter. &#8230; <a title=\"ProfilGruppen AB: Beslut fr\u00e5n \u00e5rsst\u00e4mma\" class=\"read-more\" href=\"https:\/\/www.profilgruppen.se\/en\/pressmeddelanden\/profilgruppen-ab-beslut-fran-arsstamma-3\/\" aria-label=\"Read more about ProfilGruppen AB: Beslut fr\u00e5n \u00e5rsst\u00e4mma\">Read more<\/a><\/p>\n","protected":false},"template":"","mfn-news-tag":[81,82,44,58,94,95,96,97,43,52,84,46],"class_list":["post-4651","mfn_news","type-mfn_news","status-publish","hentry","mfn-news-tag-mfn-ci","mfn-news-tag-mfn-ci-gm","mfn-news-tag-mfn-type-ir","mfn-news-tag-mfn-regulatory-listing","mfn-news-tag-mfn-cus-aluminium","mfn-news-tag-mfn-cus-aluminiumprofiler","mfn-news-tag-mfn-cus-extrusions","mfn-news-tag-mfn-cus-profilgruppen","mfn-news-tag-mfn","mfn-news-tag-mfn-regulatory","mfn-news-tag-mfn-ci-gm-info","mfn-news-tag-mfn-lang-sv"],"acf":[],"_links":{"self":[{"href":"https:\/\/www.profilgruppen.se\/en\/wp-json\/wp\/v2\/mfn_news\/4651","targetHints":{"allow":["GET"]}}],"collection":[{"href":"https:\/\/www.profilgruppen.se\/en\/wp-json\/wp\/v2\/mfn_news"}],"about":[{"href":"https:\/\/www.profilgruppen.se\/en\/wp-json\/wp\/v2\/types\/mfn_news"}],"wp:attachment":[{"href":"https:\/\/www.profilgruppen.se\/en\/wp-json\/wp\/v2\/media?parent=4651"}],"wp:term":[{"taxonomy":"mfn-news-tag","embeddable":true,"href":"https:\/\/www.profilgruppen.se\/en\/wp-json\/wp\/v2\/mfn-news-tag?post=4651"}],"curies":[{"name":"wp","href":"https:\/\/api.w.org\/{rel}","templated":true}]}}