{"id":1954,"date":"2000-03-14T09:35:40","date_gmt":"2000-03-14T08:35:40","guid":{"rendered":"https:\/\/www.profilgruppen.se\/mfn_news\/gunnel-smedstad-foreslas-ersatta-birgitta-johansson-hedberg-i-styrelsen-for-profilgruppen-ab\/"},"modified":"2000-03-14T09:35:40","modified_gmt":"2000-03-14T08:35:40","slug":"gunnel-smedstad-foreslas-ersatta-birgitta-johansson-hedberg-i-styrelsen-for-profilgruppen-ab","status":"publish","type":"mfn_news","link":"https:\/\/www.profilgruppen.se\/en\/pressmeddelanden\/gunnel-smedstad-foreslas-ersatta-birgitta-johansson-hedberg-i-styrelsen-for-profilgruppen-ab\/","title":{"rendered":"Gunnel Smedstad f\u00f6resl\u00e5s ers\u00e4tta Birgitta Johansson-Hedberg i styrelsen f\u00f6r ProfilGruppen AB"},"content":{"rendered":"<div class=\"mfn-preamble\"><strong><\/strong><\/div>\n<pre><p class=\"mfn-wp-retain\">Gunnel Smedstad f&ouml;resl&aring;s ers&auml;tta Birgitta Johansson-Hedberg i styrelsen\nf&ouml;r ProfilGruppen AB\n\nVid ordinarie bolagsst&auml;mma i ProfilGruppen AB (publ) den 15 april 2000\nf&ouml;resl&aring;s Gunnel Smedstad, civilingenj&ouml;r fr&aring;n Sk&aring;ne, till styrelseledamot.\n\nGunnel Smedstad, 38 &aring;r, &auml;r egen f&ouml;retagare med inriktning p&aring;\ninternationell marknadsf&ouml;ring och f&ouml;rs&auml;ljning. Hon &auml;r civilingenj&ouml;r fr&aring;n\nLunds Tekniska H&ouml;gskola och har bland annat arbetat p&aring; Termofrost AB och\nAB Ph. Nederman &amp; Co.\n\nVid bolagsst&auml;mman f&ouml;resl&aring;s omval av Bo Hedberg, bergsingenj&ouml;r, Staffan\nH&aring;kanson, VD i DaimlerChrysler Rail Systems (Sweden) AB, Lars Johansson,\nVD i ProfilGruppen AB och Carl Wilhelm Ros, direkt&ouml;r. Birgitta Johansson-\nHedberg, blivande VD i F&ouml;reningsSparbanken AB, har avb&ouml;jt omval.\n\nNytt rapportdatum f&ouml;r f&ouml;rsta kvartalet\n\nDel&aring;rsrapport f&ouml;r perioden januari - mars 2000 kommer att l&auml;mnas den 15\napril kl 09.00, det vill s&auml;ga halvannan timme innan bolagsst&auml;mman startar.\n\n&Auml;ndringen fr&aring;n den 14 april, som tidigare meddelats, beror p&aring; att\nstyrelsem&ouml;tet av praktiska sk&auml;l sker samma dag som st&auml;mman.\n\nKontaktpersoner f&ouml;r ekonomisk information:\n\nH&aring;kan Jalling, informationschef, tel 0474 - 551 40\n mobil 070 - 660 64 33\ne-post: hakan.jalling@profilgruppen.se\n\nLars Johansson, VD, tel 0474 - 551 45\ne-post: lars.johansson@profilgruppen.se\n\nGunnel Smedstad, tel 070 - 852 14 65\n\nProfilGruppen AB utvecklar, tillverkar och f&ouml;r&auml;dlar profiler i aluminium.\n46 procent av leveranserna exporteras. Koncernen har 379 anst&auml;llda i\nmedeltal och omsatte 608 Mkr 1999. ProfilGruppen &auml;r sedan 1997 noterat p&aring;\nOM Stockholmsb&ouml;rsen.\n\nAktuell information och foto p&aring; Gunnel Smedstad finns p&aring; f&ouml;retagets\nhemsida: www.profilgruppen.se\n\n------------------------------------------------------------\nMer information finns att f&aring; p&aring; http:\/\/www.bit.se\nF&ouml;ljande filer finns att ladda ned:\nhttp:\/\/www.bit.se\/bitonline\/2000\/03\/14\/20000314BIT00070\/bit0001.doc \nhttp:\/\/www.bit.se\/bitonline\/2000\/03\/14\/20000314BIT00070\/bit0002.pdf<\/p><\/pre>\n<div class=\"mfn-footer\"><\/div>\n<div class=\"mfn-footer mfn-attachment mfn-attachment-general\">\n<p class=\"mfn-wp-retain\"><strong class=\"mfn-heading-1\">Bifogade filer<\/strong><\/p>\n<hr>\n<p class=\"mfn-wp-retain\"><a href=\"https:\/\/feed.ne.cision.com\/Commands\/File.aspx?id=55699\" rel=\"noopener\" target=\"_blank\">bit0001.doc<\/a><br \/><a href=\"https:\/\/feed.ne.cision.com\/Commands\/File.aspx?id=55700\" rel=\"noopener\" target=\"_blank\">bit0002.pdf<\/a><\/p>\n<\/div>\n<script>\n                Array.prototype.slice.call(document.querySelectorAll(\".mfn-footer.mfn-attachment\")).forEach(function (el) { el.remove() });\n            <\/script>\n        <div class=\"mfn-attachments-container\"><div class=\"mfn-attachment\"><a class=\"mfn-attachment-link\" href=\"https:\/\/storage.mfn.se\/proxy?url=https%3A%2F%2Ffeed.ne.cision.com%2FCommands%2FFile.aspx%3Fid%3D55699\"><span class=\"mfn-attachment-icon\"><span class=\"dash dashicons dashicons-media-default\"><\/span><\/span>bit0001.doc<\/a><\/div><div class=\"mfn-attachment\"><a class=\"mfn-attachment-link\" href=\"https:\/\/storage.mfn.se\/proxy\/bit0002-pdf.pdf?url=https%3A%2F%2Ffeed.ne.cision.com%2FCommands%2FFile.aspx%3Fid%3D55700\"><span class=\"mfn-attachment-icon\"><img decoding=\"async\" src=\"https:\/\/storage.mfn.se\/proxy\/bit0002-pdf.pdf?url=https%3A%2F%2Ffeed.ne.cision.com%2FCommands%2FFile.aspx%3Fid%3D55700&type=jpg\"><\/span>bit0002.pdf<\/a><\/div><\/div>","protected":false},"excerpt":{"rendered":"<p>Gunnel Smedstad f&ouml;resl&aring;s ers&auml;tta Birgitta Johansson-Hedberg i styrelsen f&ouml;r ProfilGruppen AB Vid ordinarie bolagsst&auml;mma i ProfilGruppen AB (publ) den 15 april 2000 f&ouml;resl&aring;s Gunnel Smedstad, civilingenj&ouml;r fr&aring;n Sk&aring;ne, till styrelseledamot. Gunnel Smedstad, 38 &aring;r, &auml;r egen f&ouml;retagare med inriktning p&aring; internationell marknadsf&ouml;ring och f&ouml;rs&auml;ljning. Hon &auml;r civilingenj&ouml;r fr&aring;n Lunds Tekniska H&ouml;gskola och har bland annat &#8230; <a title=\"Gunnel Smedstad f\u00f6resl\u00e5s ers\u00e4tta Birgitta Johansson-Hedberg i styrelsen f\u00f6r ProfilGruppen AB\" class=\"read-more\" href=\"https:\/\/www.profilgruppen.se\/en\/pressmeddelanden\/gunnel-smedstad-foreslas-ersatta-birgitta-johansson-hedberg-i-styrelsen-for-profilgruppen-ab\/\" aria-label=\"Read more about Gunnel Smedstad f\u00f6resl\u00e5s ers\u00e4tta Birgitta Johansson-Hedberg i styrelsen f\u00f6r ProfilGruppen AB\">Read more<\/a><\/p>\n","protected":false},"template":"","mfn-news-tag":[81,44,58,43,52,93,46],"class_list":["post-1954","mfn_news","type-mfn_news","status-publish","hentry","mfn-news-tag-mfn-ci","mfn-news-tag-mfn-type-ir","mfn-news-tag-mfn-regulatory-listing","mfn-news-tag-mfn","mfn-news-tag-mfn-regulatory","mfn-news-tag-mfn-ci-staff","mfn-news-tag-mfn-lang-sv"],"acf":[],"_links":{"self":[{"href":"https:\/\/www.profilgruppen.se\/en\/wp-json\/wp\/v2\/mfn_news\/1954","targetHints":{"allow":["GET"]}}],"collection":[{"href":"https:\/\/www.profilgruppen.se\/en\/wp-json\/wp\/v2\/mfn_news"}],"about":[{"href":"https:\/\/www.profilgruppen.se\/en\/wp-json\/wp\/v2\/types\/mfn_news"}],"wp:attachment":[{"href":"https:\/\/www.profilgruppen.se\/en\/wp-json\/wp\/v2\/media?parent=1954"}],"wp:term":[{"taxonomy":"mfn-news-tag","embeddable":true,"href":"https:\/\/www.profilgruppen.se\/en\/wp-json\/wp\/v2\/mfn-news-tag?post=1954"}],"curies":[{"name":"wp","href":"https:\/\/api.w.org\/{rel}","templated":true}]}}