{"id":1945,"date":"2000-12-19T09:21:51","date_gmt":"2000-12-19T08:21:51","guid":{"rendered":"https:\/\/www.profilgruppen.se\/mfn_news\/profilgruppen-fortsatter-satsa-pa-foradling-forvarvar-samhall-brahes-verksamhet-i-aseda\/"},"modified":"2000-12-19T09:21:51","modified_gmt":"2000-12-19T08:21:51","slug":"profilgruppen-fortsatter-satsa-pa-foradling-forvarvar-samhall-brahes-verksamhet-i-aseda","status":"publish","type":"mfn_news","link":"https:\/\/www.profilgruppen.se\/en\/pressmeddelanden\/profilgruppen-fortsatter-satsa-pa-foradling-forvarvar-samhall-brahes-verksamhet-i-aseda\/","title":{"rendered":"ProfilGruppen forts\u00e4tter satsa p\u00e5 f\u00f6r\u00e4dling &#8211; f\u00f6rv\u00e4rvar Samhall Brahes verksamhet i \u00c5seda"},"content":{"rendered":"<div class=\"mfn-preamble\"><strong><\/strong><\/div>\n<pre><p class=\"mfn-wp-retain\">Presskommunik&eacute; &Aring;seda den 19 december 2000\n\nProfilGruppen forts&auml;tter satsa p&aring; f&ouml;r&auml;dling -\nf&ouml;rv&auml;rvar Samhall Brahes verksamhet i &Aring;seda\n\nProfilGruppen AB, som tillverkar komponenter samt profiler i aluminium,\nf&ouml;rv&auml;rvar Samhall Brahes verksamhet i &Aring;seda. ProfilGruppen k&ouml;per\nfastighet, maskiner och lager samt tecknar ett bemanningsavtal med\nSamhall.\n\n- Vi har samarbetat med Samhall Brahe i m&aring;nga &aring;r och &auml;r v&auml;l f&ouml;rtrogna med\nverksamheten som helt &auml;r inriktad p&aring; f&ouml;r&auml;dling av aluminiumprodukter,\nkommenterar Lars Johansson, VD och koncernchef i ProfilGruppen AB. Vi\nk&ouml;per &ouml;kad kapacitet och logistikf&ouml;rdelar. Samhall Brahes fastighet ligger\ni direkt anslutning till v&aring;r egen anl&auml;ggning, vilket ger m&ouml;jlighet till\nsamordningsf&ouml;rdelar.\n\nSamhall Brahes verksamhet i &Aring;seda har en oms&auml;ttning p&aring; cirka 12 Mkr och\nett 25-tal kunder. ProfilGruppen svarar f&ouml;r drygt 50 procent av\naff&auml;rsvolymen.\n\n- V&aring;r ambition &auml;r att vidareutveckla de kundrelationer som Samhall Brahe\ngenom &aring;ren byggt upp, s&auml;ger Lars Johansson.\n\nProfilGruppen tecknar ett bemanningsavtal med Samhall Brahe som inneb&auml;r\natt all personal forts&auml;tter att vara anst&auml;lld inom Samhall, men kommer att\narbeta f&ouml;r ProfilGruppen. Av de 60 anst&auml;llda kommer tio personer, varav\nfem &auml;r tj&auml;nstem&auml;n, att erbjudas arbete inom ProfilGruppen-koncernen.\n\nVerksamheten kommer att drivas som en avdelning inom ProfilGruppen.\n&Ouml;vertagandet sker den 2 januari 2001.\n\n- ProfilGruppen arbetar med teknik- och marknadsutveckling, s&auml;ger Lars\nJohansson. Med det nya avtalet kan Samhall Brahe koncentrera sin\nverksamhet p&aring; arbete och utveckling f&ouml;r personer med arbetshandikapp.\n- \n - 2 -\n\n- Fastigheten, 2700 kvm produktionsyta p&aring; en tomtyta av 15000 kvm, ligger\nstrategiskt f&ouml;r oss. Vi kommer att f&aring; klara logistikf&ouml;rdelar och dessutom\nm&ouml;jlighet att samordna tillverkning med koncernens f&ouml;r&auml;dlingsbolag\nProfilMekanik.\n\nF&ouml;rv&auml;rvet kommer endast marginellt att inverka p&aring; ProfilGruppens\nnyckeltal.\n\nKontaktpersoner f&ouml;r information:\n\nH&aring;kan Jalling, informationschef i ProfilGruppen AB\n                  mobil 070 - 660 64 33\n                  E-post: hakan.jalling@profilgruppen.se\n\nLars Johansson, VD och koncernchef i ProfilGruppen AB\n                  tel 0474 - 551 45\n                  E-post: lars.johansson@profilgruppen.se\n\nHans-Gunnar Isaksson, informationschef i Samhall Brahe\n                  mobil 070 - 653 23 95\n\nMats Eliasson, aff&auml;rsgruppchef i Samhall Brahe\n                  mobil 070 - 62 55 669\n\n------------------------------------------------------------\nDenna information skickades av BIT  http:\/\/www.bit.se\nF&ouml;ljande filer finns att ladda ned:\nhttp:\/\/www.bit.se\/bitonline\/2000\/12\/19\/20001219BIT00090\/bit0001.doc \nhttp:\/\/www.bit.se\/bitonline\/2000\/12\/19\/20001219BIT00090\/bit0002.pdf<\/p><\/pre>\n<div class=\"mfn-footer\"><\/div>\n<div class=\"mfn-footer mfn-attachment mfn-attachment-general\">\n<p class=\"mfn-wp-retain\"><strong class=\"mfn-heading-1\">Bifogade filer<\/strong><\/p>\n<hr>\n<p class=\"mfn-wp-retain\"><a href=\"https:\/\/feed.ne.cision.com\/Commands\/File.aspx?id=99697\" rel=\"noopener\" target=\"_blank\">bit0001.doc<\/a><br \/><a href=\"https:\/\/feed.ne.cision.com\/Commands\/File.aspx?id=99698\" rel=\"noopener\" target=\"_blank\">bit0002.pdf<\/a><\/p>\n<\/div>\n<script>\n                Array.prototype.slice.call(document.querySelectorAll(\".mfn-footer.mfn-attachment\")).forEach(function (el) { el.remove() });\n            <\/script>\n        <div class=\"mfn-attachments-container\"><div class=\"mfn-attachment\"><a class=\"mfn-attachment-link\" href=\"https:\/\/storage.mfn.se\/proxy?url=https%3A%2F%2Ffeed.ne.cision.com%2FCommands%2FFile.aspx%3Fid%3D99697\"><span class=\"mfn-attachment-icon\"><span class=\"dash dashicons dashicons-media-default\"><\/span><\/span>bit0001.doc<\/a><\/div><div class=\"mfn-attachment\"><a class=\"mfn-attachment-link\" href=\"https:\/\/storage.mfn.se\/proxy\/bit0002-pdf.pdf?url=https%3A%2F%2Ffeed.ne.cision.com%2FCommands%2FFile.aspx%3Fid%3D99698\"><span class=\"mfn-attachment-icon\"><img decoding=\"async\" src=\"https:\/\/storage.mfn.se\/proxy\/bit0002-pdf.pdf?url=https%3A%2F%2Ffeed.ne.cision.com%2FCommands%2FFile.aspx%3Fid%3D99698&type=jpg\"><\/span>bit0002.pdf<\/a><\/div><\/div>","protected":false},"excerpt":{"rendered":"<p>Presskommunik&eacute; &Aring;seda den 19 december 2000 ProfilGruppen forts&auml;tter satsa p&aring; f&ouml;r&auml;dling &#8211; f&ouml;rv&auml;rvar Samhall Brahes verksamhet i &Aring;seda ProfilGruppen AB, som tillverkar komponenter samt profiler i aluminium, f&ouml;rv&auml;rvar Samhall Brahes verksamhet i &Aring;seda. ProfilGruppen k&ouml;per fastighet, maskiner och lager samt tecknar ett bemanningsavtal med Samhall. &#8211; Vi har samarbetat med Samhall Brahe i m&aring;nga &aring;r &#8230; <a title=\"ProfilGruppen forts\u00e4tter satsa p\u00e5 f\u00f6r\u00e4dling &#8211; f\u00f6rv\u00e4rvar Samhall Brahes verksamhet i \u00c5seda\" class=\"read-more\" href=\"https:\/\/www.profilgruppen.se\/en\/pressmeddelanden\/profilgruppen-fortsatter-satsa-pa-foradling-forvarvar-samhall-brahes-verksamhet-i-aseda\/\" aria-label=\"Read more about ProfilGruppen forts\u00e4tter satsa p\u00e5 f\u00f6r\u00e4dling &#8211; f\u00f6rv\u00e4rvar Samhall Brahes verksamhet i \u00c5seda\">Read more<\/a><\/p>\n","protected":false},"template":"","mfn-news-tag":[81,44,43,85,46],"class_list":["post-1945","mfn_news","type-mfn_news","status-publish","hentry","mfn-news-tag-mfn-ci","mfn-news-tag-mfn-type-ir","mfn-news-tag-mfn","mfn-news-tag-mfn-ci-other","mfn-news-tag-mfn-lang-sv"],"acf":[],"_links":{"self":[{"href":"https:\/\/www.profilgruppen.se\/en\/wp-json\/wp\/v2\/mfn_news\/1945","targetHints":{"allow":["GET"]}}],"collection":[{"href":"https:\/\/www.profilgruppen.se\/en\/wp-json\/wp\/v2\/mfn_news"}],"about":[{"href":"https:\/\/www.profilgruppen.se\/en\/wp-json\/wp\/v2\/types\/mfn_news"}],"wp:attachment":[{"href":"https:\/\/www.profilgruppen.se\/en\/wp-json\/wp\/v2\/media?parent=1945"}],"wp:term":[{"taxonomy":"mfn-news-tag","embeddable":true,"href":"https:\/\/www.profilgruppen.se\/en\/wp-json\/wp\/v2\/mfn-news-tag?post=1945"}],"curies":[{"name":"wp","href":"https:\/\/api.w.org\/{rel}","templated":true}]}}