{"id":1938,"date":"2001-08-21T15:41:03","date_gmt":"2001-08-21T13:41:03","guid":{"rendered":"https:\/\/www.profilgruppen.se\/mfn_news\/varsel-om-uppsagning-i-aluminiumforetagen-bergstroms-metall-elbe-anodisering-och-profilmekanik\/"},"modified":"2001-08-21T15:41:03","modified_gmt":"2001-08-21T13:41:03","slug":"varsel-om-uppsagning-i-aluminiumforetagen-bergstroms-metall-elbe-anodisering-och-profilmekanik","status":"publish","type":"mfn_news","link":"https:\/\/www.profilgruppen.se\/en\/pressmeddelanden\/varsel-om-uppsagning-i-aluminiumforetagen-bergstroms-metall-elbe-anodisering-och-profilmekanik\/","title":{"rendered":"Varsel om upps\u00e4gning i aluminiumf\u00f6retagen Bergstr\u00f6ms Metall\/Elbe Anodisering och ProfilMekanik"},"content":{"rendered":"<div class=\"mfn-preamble\"><strong><\/strong><\/div>\n<pre><p class=\"mfn-wp-retain\">Varsel om upps&auml;gning i aluminiumf&ouml;retagen\nBergstr&ouml;ms Metall\/Elbe Anodisering och ProfilMekanik\n\nIdag genomf&ouml;rs varsel om upps&auml;gning f&ouml;r 29 personer i Bergstr&ouml;ms\nMetall\/Elbe Anodisering och i ProfilMekanik, tv&aring; sm&aring;l&auml;ndska bolag som &auml;r\nspecialiserade p&aring; f&ouml;r&auml;dling av profiler i aluminium och som ing&aring;r i\nProfilGruppen koncernen.\n\nI Bergstr&ouml;ms\/Elbe, som finns i Klavrestr&ouml;m och som har 75 anst&auml;llda,\nvarslas 14 personer. F&ouml;rhandlingarna &auml;r avslutade och ber&ouml;rda personer\nkommer att informeras idag och imorgon.\n\nF&ouml;r ProfilMekanik, som finns i &Aring;seda och har 72 anst&auml;llda, &auml;r ett varsel\nlagt f&ouml;r 15 personer. F&ouml;rhandlingar kommer att ske under denna vecka och\nambitionen &auml;r att informera ber&ouml;rda i b&ouml;rjan av n&auml;sta vecka.\n\nSk&auml;let till varslen i de b&auml;gge bolagen &auml;r minskad ordering&aring;ng fr&aring;n\nkunder fr&auml;mst inom telekom- och fordonsbranschen. Bolagen har under\nflera &aring;r haft stabil tillv&auml;xt och successivt &ouml;kat sin kapacitet.\n\n-        Nu m&aring;ste vi anpassa oss till r&aring;dande marknadsl&auml;ge, s&auml;ger Tomas\nArvidsson, VD i Bergstr&ouml;ms\/Elbe. Vi har under flera m&aring;nader genomf&ouml;rt\nolika &aring;tg&auml;rder f&ouml;r att minska v&aring;r kapacitet. Vi har l&aring;nat ut personal,\ngenomf&ouml;rt utbildning och avslutat visstidstj&auml;nstg&ouml;ringar, men nu tvingas\nvi ocks&aring; varsla om upps&auml;gning.\n\n-        F&ouml;rhoppningsvis kommer dagens &aring;tg&auml;rder att vara tillr&auml;ckliga,\ns&auml;ger &Aring;ke Johansson, VD i ProfilMekanik. L&aring;ngsiktigt &ouml;kar intresset f&ouml;r\nf&ouml;r&auml;dlade profilkomponenter och n&auml;r det v&auml;l v&auml;nder skall v&aring;rt bolag vara\nrustat f&ouml;r fortsatt tillv&auml;xt.\n-\nKontaktpersoner f&ouml;r information:\n\nTomas Arvidsson, VD i Bergstr&ouml;ms\/Elbe, mobil 070 542 42 62\n\n&Aring;ke Johansson, VD i ProfilMekanik, mobil 070 349 57 50\n\nH&aring;kan Jalling, informationschef i ProfilGruppen AB, mobil 070 660 64 33\n\nAktuell information om koncernen finns p&aring; internet:\nwww.profilgruppen.se\n\n------------------------------------------------------------\nDenna information skickades av Waymaker  http:\/\/www.waymaker.se\nF&ouml;ljande filer finns att ladda ned:\nhttp:\/\/www.waymaker.net\/bitonline\/2001\/08\/21\/20010821BIT01110\/bit0002.doc \nhttp:\/\/www.waymaker.net\/bitonline\/2001\/08\/21\/20010821BIT01110\/bit0002.pdf<\/p><\/pre>\n<div class=\"mfn-footer\"><\/div>\n<div class=\"mfn-footer mfn-attachment mfn-attachment-general\">\n<p class=\"mfn-wp-retain\"><strong class=\"mfn-heading-1\">Bifogade filer<\/strong><\/p>\n<hr>\n<p class=\"mfn-wp-retain\"><a href=\"https:\/\/feed.ne.cision.com\/Commands\/File.aspx?id=136084\" rel=\"noopener\" target=\"_blank\">bit0002.doc<\/a><br \/><a href=\"https:\/\/feed.ne.cision.com\/Commands\/File.aspx?id=136085\" rel=\"noopener\" target=\"_blank\">bit0002.pdf<\/a><\/p>\n<\/div>\n<script>\n                Array.prototype.slice.call(document.querySelectorAll(\".mfn-footer.mfn-attachment\")).forEach(function (el) { el.remove() });\n            <\/script>\n        <div class=\"mfn-attachments-container\"><div class=\"mfn-attachment\"><a class=\"mfn-attachment-link\" href=\"https:\/\/storage.mfn.se\/proxy?url=https%3A%2F%2Ffeed.ne.cision.com%2FCommands%2FFile.aspx%3Fid%3D136084\"><span class=\"mfn-attachment-icon\"><span class=\"dash dashicons dashicons-media-default\"><\/span><\/span>bit0002.doc<\/a><\/div><div class=\"mfn-attachment\"><a class=\"mfn-attachment-link\" href=\"https:\/\/storage.mfn.se\/proxy\/bit0002-pdf.pdf?url=https%3A%2F%2Ffeed.ne.cision.com%2FCommands%2FFile.aspx%3Fid%3D136085\"><span class=\"mfn-attachment-icon\"><img decoding=\"async\" src=\"https:\/\/storage.mfn.se\/proxy\/bit0002-pdf.pdf?url=https%3A%2F%2Ffeed.ne.cision.com%2FCommands%2FFile.aspx%3Fid%3D136085&type=jpg\"><\/span>bit0002.pdf<\/a><\/div><\/div>","protected":false},"excerpt":{"rendered":"<p>Varsel om upps&auml;gning i aluminiumf&ouml;retagen Bergstr&ouml;ms Metall\/Elbe Anodisering och ProfilMekanik Idag genomf&ouml;rs varsel om upps&auml;gning f&ouml;r 29 personer i Bergstr&ouml;ms Metall\/Elbe Anodisering och i ProfilMekanik, tv&aring; sm&aring;l&auml;ndska bolag som &auml;r specialiserade p&aring; f&ouml;r&auml;dling av profiler i aluminium och som ing&aring;r i ProfilGruppen koncernen. I Bergstr&ouml;ms\/Elbe, som finns i Klavrestr&ouml;m och som har 75 anst&auml;llda, varslas &#8230; <a title=\"Varsel om upps\u00e4gning i aluminiumf\u00f6retagen Bergstr\u00f6ms Metall\/Elbe Anodisering och ProfilMekanik\" class=\"read-more\" href=\"https:\/\/www.profilgruppen.se\/en\/pressmeddelanden\/varsel-om-uppsagning-i-aluminiumforetagen-bergstroms-metall-elbe-anodisering-och-profilmekanik\/\" aria-label=\"Read more about Varsel om upps\u00e4gning i aluminiumf\u00f6retagen Bergstr\u00f6ms Metall\/Elbe Anodisering och ProfilMekanik\">Read more<\/a><\/p>\n","protected":false},"template":"","mfn-news-tag":[81,44,43,85,46],"class_list":["post-1938","mfn_news","type-mfn_news","status-publish","hentry","mfn-news-tag-mfn-ci","mfn-news-tag-mfn-type-ir","mfn-news-tag-mfn","mfn-news-tag-mfn-ci-other","mfn-news-tag-mfn-lang-sv"],"acf":[],"_links":{"self":[{"href":"https:\/\/www.profilgruppen.se\/en\/wp-json\/wp\/v2\/mfn_news\/1938","targetHints":{"allow":["GET"]}}],"collection":[{"href":"https:\/\/www.profilgruppen.se\/en\/wp-json\/wp\/v2\/mfn_news"}],"about":[{"href":"https:\/\/www.profilgruppen.se\/en\/wp-json\/wp\/v2\/types\/mfn_news"}],"wp:attachment":[{"href":"https:\/\/www.profilgruppen.se\/en\/wp-json\/wp\/v2\/media?parent=1938"}],"wp:term":[{"taxonomy":"mfn-news-tag","embeddable":true,"href":"https:\/\/www.profilgruppen.se\/en\/wp-json\/wp\/v2\/mfn-news-tag?post=1938"}],"curies":[{"name":"wp","href":"https:\/\/api.w.org\/{rel}","templated":true}]}}