{"id":1937,"date":"2001-09-18T10:18:31","date_gmt":"2001-09-18T08:18:31","guid":{"rendered":"https:\/\/www.profilgruppen.se\/mfn_news\/sex-personer-sags-upp-fran-aluminiumforetaget-profilgruppen-i-aseda-ab\/"},"modified":"2001-09-18T10:18:31","modified_gmt":"2001-09-18T08:18:31","slug":"sex-personer-sags-upp-fran-aluminiumforetaget-profilgruppen-i-aseda-ab","status":"publish","type":"mfn_news","link":"https:\/\/www.profilgruppen.se\/en\/pressmeddelanden\/sex-personer-sags-upp-fran-aluminiumforetaget-profilgruppen-i-aseda-ab\/","title":{"rendered":"Sex personer s\u00e4gs upp fr\u00e5n aluminiumf\u00f6retaget ProfilGruppen i \u00c5seda AB"},"content":{"rendered":"<div class=\"mfn-preamble\"><strong><\/strong><\/div>\n<pre><p class=\"mfn-wp-retain\">Sex personer s&auml;gs upp fr&aring;n\naluminiumf&ouml;retaget ProfilGruppen i &Aring;seda AB\n\nIdag l&auml;ggs varsel om upps&auml;gning f&ouml;r sex personer inom administrationen\nvid ProfilGruppen i &Aring;seda AB. F&ouml;rhandlingar med SIF har inletts och de\nsom varslas kommer att informeras idag tisdag.\n\n-        Dagens varsel &auml;r en del av det program som n&auml;mndes i v&aring;r\nhalv&aring;rsrapport, s&auml;ger Lars Johansson, koncernchef. Marknaden f&ouml;r\nprofiler och f&ouml;r&auml;dlingstj&auml;nster &auml;r fortsatt d&auml;mpad, men inget nytt har\ntillkommit som f&ouml;r&auml;ndrar v&aring;ra tidigare bed&ouml;mningar.\n\n-        De senaste veckorna har vi vidtagit &aring;tg&auml;rder f&ouml;r att anpassa\nv&aring;r produktionskapacitet till en ny l&auml;gre niv&aring;. I profiltillverkningen\nhar vi lyckats minska bemanningen med cirka 30 personer utan att beh&ouml;va\nvidta varsel, s&auml;ger Lars Johansson. Vi har bland annat varit mycket\n&aring;terh&aring;llsamma med &aring;teranst&auml;llning n&auml;r personal slutat.\n\nI ProfilGruppens tv&aring; f&ouml;r&auml;dlingsbolag har tidigare totalt 27 personer\nsagts upp. I koncernen finns 435 anst&auml;llda efter varslen. 325 i\nProfilGruppen i &Aring;seda AB, varav 90 inom administrationen.\n\nKontaktpersoner f&ouml;r information:\n\nLars Johansson, VD och koncernchef, tel 0474 - 551 45\n\nH&aring;kan Jalling, informationschef, tel 0474 - 551 40\nmobil 070 - 660 64 33\n\nAktuell information finns p&aring; internet: profilgruppen.se\n\n------------------------------------------------------------\nDenna information skickades av Waymaker  http:\/\/www.waymaker.se\nF&ouml;ljande filer finns att ladda ned:\nhttp:\/\/www.waymaker.net\/bitonline\/2001\/09\/18\/20010918BIT00260\/bit0003.doc \nhttp:\/\/www.waymaker.net\/bitonline\/2001\/09\/18\/20010918BIT00260\/bit0003.pdf<\/p><\/pre>\n<div class=\"mfn-footer\"><\/div>\n<div class=\"mfn-footer mfn-attachment mfn-attachment-general\">\n<p class=\"mfn-wp-retain\"><strong class=\"mfn-heading-1\">Bifogade filer<\/strong><\/p>\n<hr>\n<p class=\"mfn-wp-retain\"><a href=\"https:\/\/feed.ne.cision.com\/Commands\/File.aspx?id=139819\" rel=\"noopener\" target=\"_blank\">bit0003.doc<\/a><br \/><a href=\"https:\/\/feed.ne.cision.com\/Commands\/File.aspx?id=139820\" rel=\"noopener\" target=\"_blank\">bit0003.pdf<\/a><\/p>\n<\/div>\n<script>\n                Array.prototype.slice.call(document.querySelectorAll(\".mfn-footer.mfn-attachment\")).forEach(function (el) { el.remove() });\n            <\/script>\n        <div class=\"mfn-attachments-container\"><div class=\"mfn-attachment\"><a class=\"mfn-attachment-link\" href=\"https:\/\/storage.mfn.se\/proxy?url=https%3A%2F%2Ffeed.ne.cision.com%2FCommands%2FFile.aspx%3Fid%3D139819\"><span class=\"mfn-attachment-icon\"><span class=\"dash dashicons dashicons-media-default\"><\/span><\/span>bit0003.doc<\/a><\/div><div class=\"mfn-attachment\"><a class=\"mfn-attachment-link\" href=\"https:\/\/storage.mfn.se\/proxy\/bit0003-pdf.pdf?url=https%3A%2F%2Ffeed.ne.cision.com%2FCommands%2FFile.aspx%3Fid%3D139820\"><span class=\"mfn-attachment-icon\"><img decoding=\"async\" src=\"https:\/\/storage.mfn.se\/proxy\/bit0003-pdf.pdf?url=https%3A%2F%2Ffeed.ne.cision.com%2FCommands%2FFile.aspx%3Fid%3D139820&type=jpg\"><\/span>bit0003.pdf<\/a><\/div><\/div>","protected":false},"excerpt":{"rendered":"<p>Sex personer s&auml;gs upp fr&aring;n aluminiumf&ouml;retaget ProfilGruppen i &Aring;seda AB Idag l&auml;ggs varsel om upps&auml;gning f&ouml;r sex personer inom administrationen vid ProfilGruppen i &Aring;seda AB. F&ouml;rhandlingar med SIF har inletts och de som varslas kommer att informeras idag tisdag. &#8211; Dagens varsel &auml;r en del av det program som n&auml;mndes i v&aring;r halv&aring;rsrapport, s&auml;ger Lars &#8230; <a title=\"Sex personer s\u00e4gs upp fr\u00e5n aluminiumf\u00f6retaget ProfilGruppen i \u00c5seda AB\" class=\"read-more\" href=\"https:\/\/www.profilgruppen.se\/en\/pressmeddelanden\/sex-personer-sags-upp-fran-aluminiumforetaget-profilgruppen-i-aseda-ab\/\" aria-label=\"Read more about Sex personer s\u00e4gs upp fr\u00e5n aluminiumf\u00f6retaget ProfilGruppen i \u00c5seda AB\">Read more<\/a><\/p>\n","protected":false},"template":"","mfn-news-tag":[81,44,43,85,46],"class_list":["post-1937","mfn_news","type-mfn_news","status-publish","hentry","mfn-news-tag-mfn-ci","mfn-news-tag-mfn-type-ir","mfn-news-tag-mfn","mfn-news-tag-mfn-ci-other","mfn-news-tag-mfn-lang-sv"],"acf":[],"_links":{"self":[{"href":"https:\/\/www.profilgruppen.se\/en\/wp-json\/wp\/v2\/mfn_news\/1937","targetHints":{"allow":["GET"]}}],"collection":[{"href":"https:\/\/www.profilgruppen.se\/en\/wp-json\/wp\/v2\/mfn_news"}],"about":[{"href":"https:\/\/www.profilgruppen.se\/en\/wp-json\/wp\/v2\/types\/mfn_news"}],"wp:attachment":[{"href":"https:\/\/www.profilgruppen.se\/en\/wp-json\/wp\/v2\/media?parent=1937"}],"wp:term":[{"taxonomy":"mfn-news-tag","embeddable":true,"href":"https:\/\/www.profilgruppen.se\/en\/wp-json\/wp\/v2\/mfn-news-tag?post=1937"}],"curies":[{"name":"wp","href":"https:\/\/api.w.org\/{rel}","templated":true}]}}