{"id":1915,"date":"2003-10-02T15:00:00","date_gmt":"2003-10-02T13:00:00","guid":{"rendered":"https:\/\/www.profilgruppen.se\/mfn_news\/aluminiumforetaget-profilgruppen-extrusions-ab-i-aseda-lagger-varsel-om-uppsagning-av-femton-tjansteman\/"},"modified":"2003-10-02T15:00:00","modified_gmt":"2003-10-02T13:00:00","slug":"aluminiumforetaget-profilgruppen-extrusions-ab-i-aseda-lagger-varsel-om-uppsagning-av-femton-tjansteman","status":"publish","type":"mfn_news","link":"https:\/\/www.profilgruppen.se\/en\/pressmeddelanden\/aluminiumforetaget-profilgruppen-extrusions-ab-i-aseda-lagger-varsel-om-uppsagning-av-femton-tjansteman\/","title":{"rendered":"Aluminiumf\u00f6retaget ProfilGruppen Extrusions AB i \u00c5seda l\u00e4gger varsel om upps\u00e4gning av femton tj\u00e4nstem\u00e4n"},"content":{"rendered":"<div class=\"mfn-preamble\"><strong><\/strong><\/div>\n<pre><p class=\"mfn-wp-retain\">Aluminiumf&ouml;retaget ProfilGruppen Extrusions AB i &Aring;seda l&auml;gger varsel om\nupps&auml;gning av femton tj&auml;nstem&auml;n\n\nProfilGruppen Extrusions AB i &Aring;seda har idag lagt varsel om upps&auml;gning\nav femton tj&auml;nstem&auml;n. F&ouml;rhandlingar med SIF och Ledarna har inletts.\n\n- Dagens &aring;tg&auml;rd &auml;r ett led i det l&ouml;nsamhets-f&ouml;rb&auml;ttrande program som\np&aring;b&ouml;rjades under f&ouml;rra &aring;ret. Vi har inom ProfilGruppen &ouml;kat produk-\ntiviteten i v&aring;ra produktionsanl&auml;ggningar och vi har strukturerat om v&aring;ra\nf&ouml;r&auml;dlingsbolag, ProfilGruppen Components AB och ProfilGruppen\nManufacturing AB. Nu har vi sett &ouml;ver v&aring;ra resurser p&aring; tj&auml;nstemanna-\nsidan i ProfilGruppen Extrusions och konstaterar att vi har ett\nbetydande rationaliseringsbehov, vilket vi inte klarar att m&ouml;ta utan\nvarsel, s&auml;ger Nils Arthur, VD och koncernchef.\n\n- De framtida utmaningar som ProfilGruppen st&aring;r inf&ouml;r g&ouml;r att vi m&aring;ste\nvara &auml;n mer konkurrens-kraftiga och &ouml;ka marknadssatsningarna. Det\nsenaste &aring;rets f&ouml;rb&auml;ttring av koncernens resultat &auml;r mycket positiv men\ninte tillr&auml;cklig. Vi m&ouml;ts g&aring;ng p&aring; g&aring;ng av kundens krav p&aring; st&auml;ndiga\nkostnadsreduceringar. Det &auml;r utifr&aring;n dessa utmaningar och krav som\ndagens &aring;tg&auml;rd skall ses, s&auml;ger Nils Arthur.\n\nProfilGruppen-koncernen har idag 451 anst&auml;llda, varav 129 &auml;r tj&auml;nstem&auml;n.\n\nKontaktperson f&ouml;r information:\nTomas Arvidsson, Informationschef,\ntelefon 0474-551 40\nmobil 070-542 42 62\ne-post: tomas.arvidsson@profilgruppen.se\n\n\n------------------------------------------------------------\nDenna information skickades av Waymaker  http:\/\/www.waymaker.se\nF&ouml;ljande filer finns att ladda ned:\nhttp:\/\/www.waymaker.net\/bitonline\/2003\/10\/02\/20031002BIT00720\/wkr0001.doc \nhttp:\/\/www.waymaker.net\/bitonline\/2003\/10\/02\/20031002BIT00720\/wkr0002.pdf<\/p><\/pre>\n<div class=\"mfn-footer\"><\/div>\n<div class=\"mfn-footer mfn-attachment mfn-attachment-general\">\n<p class=\"mfn-wp-retain\"><strong class=\"mfn-heading-1\">Bifogade filer<\/strong><\/p>\n<hr>\n<p class=\"mfn-wp-retain\"><a href=\"https:\/\/feed.ne.cision.com\/Commands\/File.aspx?id=248859\" rel=\"noopener\" target=\"_blank\">wkr0001.doc<\/a><br \/><a href=\"https:\/\/feed.ne.cision.com\/Commands\/File.aspx?id=248860\" rel=\"noopener\" target=\"_blank\">wkr0002.pdf<\/a><\/p>\n<\/div>\n<script>\n                Array.prototype.slice.call(document.querySelectorAll(\".mfn-footer.mfn-attachment\")).forEach(function (el) { el.remove() });\n            <\/script>\n        <div class=\"mfn-attachments-container\"><div class=\"mfn-attachment\"><a class=\"mfn-attachment-link\" href=\"https:\/\/storage.mfn.se\/proxy?url=https%3A%2F%2Ffeed.ne.cision.com%2FCommands%2FFile.aspx%3Fid%3D248859\"><span class=\"mfn-attachment-icon\"><span class=\"dash dashicons dashicons-media-default\"><\/span><\/span>wkr0001.doc<\/a><\/div><div class=\"mfn-attachment\"><a class=\"mfn-attachment-link\" href=\"https:\/\/storage.mfn.se\/proxy\/wkr0002-pdf.pdf?url=https%3A%2F%2Ffeed.ne.cision.com%2FCommands%2FFile.aspx%3Fid%3D248860\"><span class=\"mfn-attachment-icon\"><img decoding=\"async\" src=\"https:\/\/storage.mfn.se\/proxy\/wkr0002-pdf.pdf?url=https%3A%2F%2Ffeed.ne.cision.com%2FCommands%2FFile.aspx%3Fid%3D248860&type=jpg\"><\/span>wkr0002.pdf<\/a><\/div><\/div>","protected":false},"excerpt":{"rendered":"<p>Aluminiumf&ouml;retaget ProfilGruppen Extrusions AB i &Aring;seda l&auml;gger varsel om upps&auml;gning av femton tj&auml;nstem&auml;n ProfilGruppen Extrusions AB i &Aring;seda har idag lagt varsel om upps&auml;gning av femton tj&auml;nstem&auml;n. F&ouml;rhandlingar med SIF och Ledarna har inletts. &#8211; Dagens &aring;tg&auml;rd &auml;r ett led i det l&ouml;nsamhets-f&ouml;rb&auml;ttrande program som p&aring;b&ouml;rjades under f&ouml;rra &aring;ret. Vi har inom ProfilGruppen &ouml;kat produk- &#8230; <a title=\"Aluminiumf\u00f6retaget ProfilGruppen Extrusions AB i \u00c5seda l\u00e4gger varsel om upps\u00e4gning av femton tj\u00e4nstem\u00e4n\" class=\"read-more\" href=\"https:\/\/www.profilgruppen.se\/en\/pressmeddelanden\/aluminiumforetaget-profilgruppen-extrusions-ab-i-aseda-lagger-varsel-om-uppsagning-av-femton-tjansteman\/\" aria-label=\"Read more about Aluminiumf\u00f6retaget ProfilGruppen Extrusions AB i \u00c5seda l\u00e4gger varsel om upps\u00e4gning av femton tj\u00e4nstem\u00e4n\">Read more<\/a><\/p>\n","protected":false},"template":"","mfn-news-tag":[81,44,43,85,46],"class_list":["post-1915","mfn_news","type-mfn_news","status-publish","hentry","mfn-news-tag-mfn-ci","mfn-news-tag-mfn-type-ir","mfn-news-tag-mfn","mfn-news-tag-mfn-ci-other","mfn-news-tag-mfn-lang-sv"],"acf":[],"_links":{"self":[{"href":"https:\/\/www.profilgruppen.se\/en\/wp-json\/wp\/v2\/mfn_news\/1915","targetHints":{"allow":["GET"]}}],"collection":[{"href":"https:\/\/www.profilgruppen.se\/en\/wp-json\/wp\/v2\/mfn_news"}],"about":[{"href":"https:\/\/www.profilgruppen.se\/en\/wp-json\/wp\/v2\/types\/mfn_news"}],"wp:attachment":[{"href":"https:\/\/www.profilgruppen.se\/en\/wp-json\/wp\/v2\/media?parent=1915"}],"wp:term":[{"taxonomy":"mfn-news-tag","embeddable":true,"href":"https:\/\/www.profilgruppen.se\/en\/wp-json\/wp\/v2\/mfn-news-tag?post=1915"}],"curies":[{"name":"wp","href":"https:\/\/api.w.org\/{rel}","templated":true}]}}