{"id":1909,"date":"2004-03-27T14:00:07","date_gmt":"2004-03-27T13:00:07","guid":{"rendered":"https:\/\/www.profilgruppen.se\/mfn_news\/kommunike-fran-ordinarie-bolagsstamma-i-profilgruppen-ab-publ-2\/"},"modified":"2004-03-27T14:00:07","modified_gmt":"2004-03-27T13:00:07","slug":"kommunike-fran-ordinarie-bolagsstamma-i-profilgruppen-ab-publ-2","status":"publish","type":"mfn_news","link":"https:\/\/www.profilgruppen.se\/en\/pressmeddelanden\/kommunike-fran-ordinarie-bolagsstamma-i-profilgruppen-ab-publ-2\/","title":{"rendered":"Kommunik\u00e9 fr\u00e5n ordinarie bolagsst\u00e4mma i ProfilGruppen AB (publ)"},"content":{"rendered":"<div class=\"mfn-preamble\"><strong><\/strong><\/div>\n<pre><p class=\"mfn-wp-retain\">Kommunik&eacute; fr&aring;n ordinarie bolagsst&auml;mma i\nProfilGruppen AB (publ)\n\n* Utdelningen f&ouml;r 2003 fastst&auml;lldes till 1,25 kronor per aktie (0,75)\n\n* De bolagsst&auml;mmovalda styrelseledam&ouml;terna Nils Arthur, Staffan\nH&aring;kanson, Lars Johansson, Lars Renstr&ouml;m, Carl Wilhelm Ros och Gunnel\nSmedstad omvaldes\n\n* Arvodet till styrelsen h&ouml;jdes till 670 tkr (450)\n\n* Styrelsen fick bemyndigande att fatta beslut om\n nyemission f&ouml;r att finansiera eventuella f&ouml;rv&auml;rv\n\n* Resultatet f&ouml;r det f&ouml;rsta kvartalet bed&ouml;ms bli i niv&aring; med\n samma period f&ouml;reg&aring;ende &aring;r\n\nKontaktpersoner f&ouml;r ekonomisk information:\n\nTomas Arvidsson, informations- och IR-chef,\nmobil 070 - 542 42 62, tel 0474 - 551 40*)\ne-post: tomas.arvidsson@profilgruppen.se\n\nNils Arthur, VD och koncernchef,\nmobil 070 - 349 57 90, tel 0474 - 554 00*)\ne-post:nils.arthur@profilgruppen.se\n\nMats Egeholm, finanschef,\nmobil 070 - 594 16 17, tel 0474 - 550 16 *)\ne-post: mats.egeholm@profilgruppen.se\n\n*) n&aring;s p&aring; detta nummer fr&aring;n m&aring;ndag den 29 mars\n\n\n\n\nProfilGruppen AB utvecklar, tillverkar och levererar f&ouml;r&auml;dlade\nkomponenter och kundanpassade profiler i aluminium. Huvudkontor och\ntillverkning finns i sm&aring;l&auml;ndska &Aring;seda. Bolaget bed&ouml;ms ha 16 procent av\nden svenska marknaden. 43 procent av leveranserna exporteras, fr&auml;mst\ntill Tyskland, Norge, Danmark och England.\n\nKoncernen har 462 anst&auml;llda (medelantal) och omsatte 743,9 Mkr 2003.\nProfilGruppen AB &auml;r sedan 1997 noterat p&aring; Stockholmsb&ouml;rsens O-lista.\n\nSammandrag av VDs anf&ouml;rande och protokoll fr&aring;n st&auml;mman publiceras p&aring;\nbolagets hemsida, www.profilgruppen.se.\n\n\n\n\nKommunik&eacute; fr&aring;n ordinarie bolagsst&auml;mma\ni ProfilGruppen AB (publ)\n\nVid dagens bolagsst&auml;mma i ProfilGruppen AB, som arrangerades i i &Aring;seda,\ndeltog cirka 150 aktie&auml;gare och g&auml;ster.\n\nI sitt anf&ouml;rande p&aring; st&auml;mman kommenterade bolagets VD, Nils Arthur,\nresultatet av st&auml;rkt kundfokus, marknadsl&auml;get och resultatutvecklingen\nf&ouml;r 2003. Vidare redogjorde Nils Arthur f&ouml;r f&ouml;reg&aring;ende &aring;rs genomf&ouml;rda\nf&ouml;r&auml;ndringar och vilka huvudfr&aring;gor som kortsiktigt kommer att\nprioriteras. Han understr&ouml;k &auml;ven vikten av koncernens fortsatta teknik-\nutveckling.\n\nUtsikter\n\nMot bakgrund av en &ouml;kad f&ouml;rs&auml;ljning kommer koncernen att redovisa ett\nresultat f&ouml;r &aring;rets f&ouml;rsta kvartal som v&auml;sentligt &ouml;verstiger f&ouml;reg&aring;ende\nkvartal. Bed&ouml;mningen &auml;r att resultatet &auml;r i niv&aring; med det f&ouml;rsta\nkvartalet 2003.\n\nDen tidigare bed&ouml;mningen om att marknaden f&ouml;r 2004 f&ouml;rv&auml;ntas &ouml;verstiga\n2003 &aring;rs niv&aring; kvarst&aring;r.\n\nNy finanschef\n\nMats Egeholm, finanschef i ProfilGruppen sedan starten 1980, har best&auml;mt\nsig f&ouml;r att g&aring; i pension under 2004.\n\nSom eftertr&auml;dare har utsetts Jonas Karlsson, 41 &aring;r. Jonas Karlsson &auml;r\nbosatt i Lenhovda och utbildad ekonom vid V&auml;xj&ouml; universitet. Han &auml;r f&ouml;r\nn&auml;rvarande ekonomichef vid Myresj&ouml;hus och kommer att tilltr&auml;da posten\nsom finanschef i ProfilGruppen den 1 september 2004.\n\nBeslut fr&aring;n st&auml;mman\n\nUtdelning: 1,25 kronor per aktie\n\nBolagsst&auml;mman fastst&auml;llde utdelningen till 1,25 kronor per aktie (0,75).\nAvst&auml;mningsdag &auml;r onsdagen den 31 mars 2004 och utdelningen ber&auml;knas\ns&auml;ndas ut fr&aring;n VPC AB m&aring;ndagen den 5 april 2004.\n\nVal av styrelse\n\nOmval skedde av de bolagsst&auml;mmovalda styrelseledam&ouml;terna, Nils Arthur,\n&Aring;seda, Staffan H&aring;kanson, Stockholm, Lars Johansson, &Aring;seda, Lars\nRenstr&ouml;m, Fagersta, Carl Wilhelm Ros, Stockholm och Gunnel Smedstad,\nTj&ouml;rnarp.\n\nVid det konstituerande styrelsem&ouml;tet efter bolagsst&auml;mman valdes Staffan\nH&aring;kanson till ordf&ouml;rande och Lars Johansson till vice ordf&ouml;rande.\n\nStyrelsens arvode h&ouml;jdes\n\nArvodet till styrelsen h&ouml;jdes till 670 tkr (450).\n\nBemyndigande f&ouml;r styrelsen att besluta om nyemission f&ouml;r att finansiera\neventuella f&ouml;rv&auml;rv\n\nSt&auml;mman beslutade enh&auml;lligt om bemyndigande f&ouml;r styrelsen att intill\nn&auml;sta bolagsst&auml;mma fatta beslut om nyemission av aktier av serie B med\nett h&ouml;gsta sammanlagt nominellt belopp om tv&aring; Mkr med avvikelse fr&aring;n\naktie&auml;garnas f&ouml;retr&auml;desr&auml;tt. Syftet &auml;r att kunna finansiera eventuella\nf&ouml;retagsf&ouml;rv&auml;rv med egna aktier.\n\nVal av nomineringskommitt&eacute;\n\nBolagsst&auml;mman omvalde nomineringskommitt&eacute;n med uppgift att till\nbolagsst&auml;mman 2005, eller n&auml;r behov f&ouml;religger, f&ouml;resl&aring;\nstyrelseledam&ouml;ter och i f&ouml;rekommande fall revisorer samt styrelse- och\nrevisionsarvoden.\n\nI kommitt&eacute;n ing&aring;r:\n\nJerry Fredriksson, sammankallande, VD i R&aring;dhuset AB, Mats Egeholm,\nfinanschef i ProfilGruppenkoncernen, Anne Skoglund,\nverksamhetsutvecklare i IVT Industrier AB och Staffan H&aring;kanson,\nstyrelseordf&ouml;rande i ProfilGruppen AB.\n\nProtokoll fr&aring;n st&auml;mman\n\nJusterat protokoll fr&aring;n st&auml;mman kommer att finnas tillg&auml;ngligt hos\nbolaget fr&aring;n och med den 29 mars. Protokollet publiceras &auml;ven p&aring;\nkoncernens hemsida.\n\nEkonomisk information\n\nDel&aring;rsrapport f&ouml;r det f&ouml;rsta kvartalet l&auml;mnas den 22 april 2004. Datum\nf&ouml;r ekonomisk information finns tillg&auml;ngliga p&aring; koncernens hemsida\nwww.profilgruppen.se\n\n&Aring;seda den 27 mars 2004\n\nStyrelsen i ProfilGruppen AB (publ)\nOrg.nr 556277-8943\n\n------------------------------------------------------------\nDenna information skickades av Waymaker  http:\/\/www.waymaker.se\nF&ouml;ljande filer finns att ladda ned:\nhttp:\/\/www.waymaker.net\/bitonline\/2004\/03\/27\/20040327BIT00010\/wkr0001.doc \nhttp:\/\/www.waymaker.net\/bitonline\/2004\/03\/27\/20040327BIT00010\/wkr0002.pdf<\/p><\/pre>\n<div class=\"mfn-footer\"><\/div>\n<div class=\"mfn-footer mfn-attachment mfn-attachment-general\">\n<p class=\"mfn-wp-retain\"><strong class=\"mfn-heading-1\">Bifogade filer<\/strong><\/p>\n<hr>\n<p class=\"mfn-wp-retain\"><a href=\"https:\/\/feed.ne.cision.com\/Commands\/File.aspx?id=277518\" rel=\"noopener\" target=\"_blank\">wkr0001.doc<\/a><br \/><a href=\"https:\/\/feed.ne.cision.com\/Commands\/File.aspx?id=277519\" rel=\"noopener\" target=\"_blank\">wkr0002.pdf<\/a><\/p>\n<\/div>\n<script>\n                Array.prototype.slice.call(document.querySelectorAll(\".mfn-footer.mfn-attachment\")).forEach(function (el) { el.remove() });\n            <\/script>\n        <div class=\"mfn-attachments-container\"><div class=\"mfn-attachment\"><a class=\"mfn-attachment-link\" href=\"https:\/\/storage.mfn.se\/proxy?url=https%3A%2F%2Ffeed.ne.cision.com%2FCommands%2FFile.aspx%3Fid%3D277518\"><span class=\"mfn-attachment-icon\"><span class=\"dash dashicons dashicons-media-default\"><\/span><\/span>wkr0001.doc<\/a><\/div><div class=\"mfn-attachment\"><a class=\"mfn-attachment-link\" href=\"https:\/\/storage.mfn.se\/proxy\/wkr0002-pdf.pdf?url=https%3A%2F%2Ffeed.ne.cision.com%2FCommands%2FFile.aspx%3Fid%3D277519\"><span class=\"mfn-attachment-icon\"><img decoding=\"async\" src=\"https:\/\/storage.mfn.se\/proxy\/wkr0002-pdf.pdf?url=https%3A%2F%2Ffeed.ne.cision.com%2FCommands%2FFile.aspx%3Fid%3D277519&type=jpg\"><\/span>wkr0002.pdf<\/a><\/div><\/div>","protected":false},"excerpt":{"rendered":"<p>Kommunik&eacute; fr&aring;n ordinarie bolagsst&auml;mma i ProfilGruppen AB (publ) * Utdelningen f&ouml;r 2003 fastst&auml;lldes till 1,25 kronor per aktie (0,75) * De bolagsst&auml;mmovalda styrelseledam&ouml;terna Nils Arthur, Staffan H&aring;kanson, Lars Johansson, Lars Renstr&ouml;m, Carl Wilhelm Ros och Gunnel Smedstad omvaldes * Arvodet till styrelsen h&ouml;jdes till 670 tkr (450) * Styrelsen fick bemyndigande att fatta beslut om &#8230; <a title=\"Kommunik\u00e9 fr\u00e5n ordinarie bolagsst\u00e4mma i ProfilGruppen AB (publ)\" class=\"read-more\" href=\"https:\/\/www.profilgruppen.se\/en\/pressmeddelanden\/kommunike-fran-ordinarie-bolagsstamma-i-profilgruppen-ab-publ-2\/\" aria-label=\"Read more about Kommunik\u00e9 fr\u00e5n ordinarie bolagsst\u00e4mma i ProfilGruppen AB (publ)\">Read more<\/a><\/p>\n","protected":false},"template":"","mfn-news-tag":[81,82,44,58,43,52,84,46],"class_list":["post-1909","mfn_news","type-mfn_news","status-publish","hentry","mfn-news-tag-mfn-ci","mfn-news-tag-mfn-ci-gm","mfn-news-tag-mfn-type-ir","mfn-news-tag-mfn-regulatory-listing","mfn-news-tag-mfn","mfn-news-tag-mfn-regulatory","mfn-news-tag-mfn-ci-gm-info","mfn-news-tag-mfn-lang-sv"],"acf":[],"_links":{"self":[{"href":"https:\/\/www.profilgruppen.se\/en\/wp-json\/wp\/v2\/mfn_news\/1909","targetHints":{"allow":["GET"]}}],"collection":[{"href":"https:\/\/www.profilgruppen.se\/en\/wp-json\/wp\/v2\/mfn_news"}],"about":[{"href":"https:\/\/www.profilgruppen.se\/en\/wp-json\/wp\/v2\/types\/mfn_news"}],"wp:attachment":[{"href":"https:\/\/www.profilgruppen.se\/en\/wp-json\/wp\/v2\/media?parent=1909"}],"wp:term":[{"taxonomy":"mfn-news-tag","embeddable":true,"href":"https:\/\/www.profilgruppen.se\/en\/wp-json\/wp\/v2\/mfn-news-tag?post=1909"}],"curies":[{"name":"wp","href":"https:\/\/api.w.org\/{rel}","templated":true}]}}