{"id":1898,"date":"2005-09-14T14:30:00","date_gmt":"2005-09-14T12:30:00","guid":{"rendered":"https:\/\/www.profilgruppen.se\/mfn_news\/profilgruppen-ab-omstrukturerar-sin-svenska-foradlingsverksamhet-den-arliga-besparingseffekten-fran-2006-bedoms-uppga-till-mellan-20-30-mkr\/"},"modified":"2005-09-14T14:30:00","modified_gmt":"2005-09-14T12:30:00","slug":"profilgruppen-ab-omstrukturerar-sin-svenska-foradlingsverksamhet-den-arliga-besparingseffekten-fran-2006-bedoms-uppga-till-mellan-20-30-mkr","status":"publish","type":"mfn_news","link":"https:\/\/www.profilgruppen.se\/en\/pressmeddelanden\/profilgruppen-ab-omstrukturerar-sin-svenska-foradlingsverksamhet-den-arliga-besparingseffekten-fran-2006-bedoms-uppga-till-mellan-20-30-mkr\/","title":{"rendered":"ProfilGruppen AB omstrukturerar sin svenska f\u00f6r\u00e4dlingsverksamhet \u2013 den \u00e5rliga besparingseffekten fr\u00e5n 2006 bed\u00f6ms uppg\u00e5 till mellan 2,0 &#8211; 3,0 Mkr"},"content":{"rendered":"<div class=\"mfn-preamble\"><strong><\/strong><\/div>\n<pre><p class=\"mfn-wp-retain\">ProfilGruppen omstrukturerar sin svenska f&ouml;r&auml;dlingsverksamhet genom att koncentrera avancerad maskinbearbetning till ProfilGruppen Manufacturing AB och ytbehandling av aluminium-komponenter till ProfilGruppen Components AB. B&aring;da bolagen &auml;r hel&auml;gda dotterbolag till ProfilGruppen AB. \n\n&Aring;tg&auml;rden inneb&auml;r att tre lokala frist&aring;ende f&ouml;r&auml;dlingsbolag &ouml;vertar delar av koncernens verksamhet inom sk&auml;rande bearbetning i &Aring;seda och Klavrestr&ouml;m. \n\n&ndash; Omstruktureringen ligger helt i linje med v&aring;r strategi, att i egen regi utveckla satsningen p&aring; mer kvalificerade f&ouml;r&auml;dlingstj&auml;nster. P&aring; ProfilGruppen Components avslutar vi just nu en investering om 11 Mkr, relaterad till en uppgradering av bolagets ytbehandlingslinje. F&ouml;retaget, som blir helt inriktad mot ytbehandling, f&ouml;rfogar nu &ouml;ver en av Europas modernaste anl&auml;ggningar s&auml;ger Nils Arthur, VD och koncernchef. Han forts&auml;tter:\n\n&ndash; Vi vidareutvecklar samarbetet med v&aring;ra lokala frist&aring;ende entrepren&ouml;rer och st&auml;rker p&aring; detta s&auml;tt v&aring;r konkurrenskraft d&aring; v&aring;r flexibilitet &ouml;kar samtidigt som kompetens bibeh&aring;lls i n&auml;rregionen. Genom vidtagna &aring;tg&auml;rder minskar vi antalet anst&auml;llda i koncernen med 30 personer. Sammantaget &auml;r bed&ouml;mningen att vi uppn&aring;r en &aring;rlig besparingseffekt om 2,0-3,0 Mkr r&auml;knat fr&aring;n 2006. \n\nAll ber&ouml;rd personal bereds anst&auml;llning\nTotalt ber&ouml;rs ett trettiotal anst&auml;llda av omstruktureringen. Av dessa bereds ett tiotal personer anst&auml;llning inom ett av de frist&aring;ende f&ouml;r&auml;dlingsbolagen och &ouml;vrig ber&ouml;rd personal erbjuds att tilltr&auml;da vakanta tj&auml;nster i ProfilGruppen-koncernen. \n\nNeutral effekt p&aring; &aring;rsresultatet 2005\nSom en effekt av kommande omstrukturering inom ProfilGruppen Components sker en omg&aring;ende nedskrivning av den goodwill om 2,8 Mkr som &auml;r relaterad till bolaget. Samtidigt avyttras en industrifastighet i &Aring;seda, till ett av de lokala f&ouml;r&auml;dlingsbolagen, vilket ger en bokf&ouml;ringsm&auml;ssig vinst om 2,0 Mkr. Koncernens r&ouml;relseresultat kommer d&auml;rmed att belastas negativt med 0,8 Mkr under innevarande kvartal.\n\nUnder &aring;rets fj&auml;rde kvartal p&aring;verkas resultatet positivt med 0,8 Mkr, som ett resultat av en bokf&ouml;ringsm&auml;ssig vinst till f&ouml;ljd av maskinavyttringar i samband med omstruktureringen inom ProfilGruppen Components.\n\nDen totala effekten av &aring;tg&auml;rdspaketet bed&ouml;ms d&auml;rmed ha en neutral p&aring;verkan p&aring; koncernens samlade &aring;rsresultat f&ouml;r 2005.\n\nProfilGruppen-koncernen kommer att ha 470 anst&auml;llda efter genomf&ouml;rd omstrukturering.\n\nKontaktperson f&ouml;r information:\n\nTomas Arvidsson, Informationschef, \ntelefon:\t0474-551 40\nmobil:\t070-542 42 62\ne-post:\ttomas.arvidsson@profilgruppen.se<\/p><\/pre>\n<div class=\"mfn-footer\"><\/div>\n<div class=\"mfn-footer mfn-attachment mfn-attachment-general\">\n<p class=\"mfn-wp-retain\"><strong class=\"mfn-heading-1\">Bifogade filer<\/strong><\/p>\n<hr>\n<p class=\"mfn-wp-retain\"><a href=\"https:\/\/feed.ne.cision.com\/Commands\/File.aspx?id=407167\" rel=\"noopener\" target=\"_blank\">wkr0001.pdf<\/a><\/p>\n<\/div>\n<script>\n                Array.prototype.slice.call(document.querySelectorAll(\".mfn-footer.mfn-attachment\")).forEach(function (el) { el.remove() });\n            <\/script>\n        <div class=\"mfn-attachments-container\"><div class=\"mfn-attachment\"><a class=\"mfn-attachment-link\" href=\"https:\/\/storage.mfn.se\/proxy\/wkr0001-pdf.pdf?url=https%3A%2F%2Ffeed.ne.cision.com%2FCommands%2FFile.aspx%3Fid%3D407167\"><span class=\"mfn-attachment-icon\"><img decoding=\"async\" src=\"https:\/\/storage.mfn.se\/proxy\/wkr0001-pdf.pdf?url=https%3A%2F%2Ffeed.ne.cision.com%2FCommands%2FFile.aspx%3Fid%3D407167&type=jpg\"><\/span>wkr0001.pdf<\/a><\/div><\/div>","protected":false},"excerpt":{"rendered":"<p>ProfilGruppen omstrukturerar sin svenska f&ouml;r&auml;dlingsverksamhet genom att koncentrera avancerad maskinbearbetning till ProfilGruppen Manufacturing AB och ytbehandling av aluminium-komponenter till ProfilGruppen Components AB. B&aring;da bolagen &auml;r hel&auml;gda dotterbolag till ProfilGruppen AB. &Aring;tg&auml;rden inneb&auml;r att tre lokala frist&aring;ende f&ouml;r&auml;dlingsbolag &ouml;vertar delar av koncernens verksamhet inom sk&auml;rande bearbetning i &Aring;seda och Klavrestr&ouml;m. &ndash; Omstruktureringen ligger helt i linje &#8230; <a title=\"ProfilGruppen AB omstrukturerar sin svenska f\u00f6r\u00e4dlingsverksamhet \u2013 den \u00e5rliga besparingseffekten fr\u00e5n 2006 bed\u00f6ms uppg\u00e5 till mellan 2,0 &#8211; 3,0 Mkr\" class=\"read-more\" href=\"https:\/\/www.profilgruppen.se\/en\/pressmeddelanden\/profilgruppen-ab-omstrukturerar-sin-svenska-foradlingsverksamhet-den-arliga-besparingseffekten-fran-2006-bedoms-uppga-till-mellan-20-30-mkr\/\" aria-label=\"Read more about ProfilGruppen AB omstrukturerar sin svenska f\u00f6r\u00e4dlingsverksamhet \u2013 den \u00e5rliga besparingseffekten fr\u00e5n 2006 bed\u00f6ms uppg\u00e5 till mellan 2,0 &#8211; 3,0 Mkr\">Read more<\/a><\/p>\n","protected":false},"template":"","mfn-news-tag":[81,44,43,85,46],"class_list":["post-1898","mfn_news","type-mfn_news","status-publish","hentry","mfn-news-tag-mfn-ci","mfn-news-tag-mfn-type-ir","mfn-news-tag-mfn","mfn-news-tag-mfn-ci-other","mfn-news-tag-mfn-lang-sv"],"acf":[],"_links":{"self":[{"href":"https:\/\/www.profilgruppen.se\/en\/wp-json\/wp\/v2\/mfn_news\/1898","targetHints":{"allow":["GET"]}}],"collection":[{"href":"https:\/\/www.profilgruppen.se\/en\/wp-json\/wp\/v2\/mfn_news"}],"about":[{"href":"https:\/\/www.profilgruppen.se\/en\/wp-json\/wp\/v2\/types\/mfn_news"}],"wp:attachment":[{"href":"https:\/\/www.profilgruppen.se\/en\/wp-json\/wp\/v2\/media?parent=1898"}],"wp:term":[{"taxonomy":"mfn-news-tag","embeddable":true,"href":"https:\/\/www.profilgruppen.se\/en\/wp-json\/wp\/v2\/mfn-news-tag?post=1898"}],"curies":[{"name":"wp","href":"https:\/\/api.w.org\/{rel}","templated":true}]}}