{"id":1884,"date":"2007-02-06T08:41:57","date_gmt":"2007-02-06T07:41:57","guid":{"rendered":"https:\/\/www.profilgruppen.se\/mfn_news\/vasentlig-handelse-i-det-av-profilgruppen-ab-delagda-tyska-bolaget-pwg\/"},"modified":"2007-02-06T08:41:57","modified_gmt":"2007-02-06T07:41:57","slug":"vasentlig-handelse-i-det-av-profilgruppen-ab-delagda-tyska-bolaget-pwg","status":"publish","type":"mfn_news","link":"https:\/\/www.profilgruppen.se\/en\/pressmeddelanden\/vasentlig-handelse-i-det-av-profilgruppen-ab-delagda-tyska-bolaget-pwg\/","title":{"rendered":"V\u00e4sentlig h\u00e4ndelse i det av ProfilGruppen AB del\u00e4gda tyska bolaget PWG"},"content":{"rendered":"<div class=\"mfn-preamble\"><strong><\/strong><\/div>\n<pre><p class=\"mfn-wp-retain\">Det tyska f&ouml;retaget PWG, d&auml;r ProfilGruppen h&ouml;sten 2006 f&ouml;rv&auml;rvade 18 procent, har drabbats av akuta kvalitets- och leveransproblem i sitt amerikanska dotterbolag. Det kan inte uteslutas att problemen f&aring;r v&auml;sentligt negativa resultateffekter f&ouml;r det tyska moderbolaget. <br>\n<br>\nProfilGruppens totala ekonomiska exponering i PWG uppg&aring;r till ca 34 Mkr, varav ca 16 Mkr avser den &auml;gda andelen.<br>\n<br>\nUnder 2006 uppgick ProfilGruppens leveranser till PWG och det av PWG under 2006 f&ouml;rv&auml;rvade holl&auml;ndska f&ouml;retaget Realpro till ett v&auml;rde av ca 35 Mkr.<br>\n<br>\nProfilGruppen-koncernen utvecklar, tillverkar och levererar f&ouml;r&auml;dlade komponenter och kundanpassade profiler i aluminium. Huvudkontor och tillverkning finns i &Aring;seda. Koncernen har 470 anst&auml;llda. ProfilGruppen AB noterades p&aring; Stockholmsb&ouml;rsen i juni 1997. <br>\n<\/p><\/pre>\n<div class=\"mfn-footer\"><\/div>\n<div class=\"mfn-footer mfn-attachment mfn-attachment-general\">\n<p class=\"mfn-wp-retain\"><strong class=\"mfn-heading-1\">Bifogade filer<\/strong><\/p>\n<hr>\n<p class=\"mfn-wp-retain\"><a href=\"https:\/\/feed.ne.cision.com\/Commands\/File.aspx?id=601324\" rel=\"noopener\" target=\"_blank\">wkr0001.pdf<\/a><\/p>\n<\/div>\n<script>\n                Array.prototype.slice.call(document.querySelectorAll(\".mfn-footer.mfn-attachment\")).forEach(function (el) { el.remove() });\n            <\/script>\n        <div class=\"mfn-attachments-container\"><div class=\"mfn-attachment\"><a class=\"mfn-attachment-link\" href=\"https:\/\/storage.mfn.se\/proxy\/wkr0001-pdf.pdf?url=https%3A%2F%2Ffeed.ne.cision.com%2FCommands%2FFile.aspx%3Fid%3D601324\"><span class=\"mfn-attachment-icon\"><img decoding=\"async\" src=\"https:\/\/storage.mfn.se\/proxy\/wkr0001-pdf.pdf?url=https%3A%2F%2Ffeed.ne.cision.com%2FCommands%2FFile.aspx%3Fid%3D601324&type=jpg\"><\/span>wkr0001.pdf<\/a><\/div><\/div>","protected":false},"excerpt":{"rendered":"<p>Det tyska f&ouml;retaget PWG, d&auml;r ProfilGruppen h&ouml;sten 2006 f&ouml;rv&auml;rvade 18 procent, har drabbats av akuta kvalitets- och leveransproblem i sitt amerikanska dotterbolag. Det kan inte uteslutas att problemen f&aring;r v&auml;sentligt negativa resultateffekter f&ouml;r det tyska moderbolaget. ProfilGruppens totala ekonomiska exponering i PWG uppg&aring;r till ca 34 Mkr, varav ca 16 Mkr avser den &auml;gda andelen. &#8230; <a title=\"V\u00e4sentlig h\u00e4ndelse i det av ProfilGruppen AB del\u00e4gda tyska bolaget PWG\" class=\"read-more\" href=\"https:\/\/www.profilgruppen.se\/en\/pressmeddelanden\/vasentlig-handelse-i-det-av-profilgruppen-ab-delagda-tyska-bolaget-pwg\/\" aria-label=\"Read more about V\u00e4sentlig h\u00e4ndelse i det av ProfilGruppen AB del\u00e4gda tyska bolaget PWG\">Read more<\/a><\/p>\n","protected":false},"template":"","mfn-news-tag":[81,44,43,85,46],"class_list":["post-1884","mfn_news","type-mfn_news","status-publish","hentry","mfn-news-tag-mfn-ci","mfn-news-tag-mfn-type-ir","mfn-news-tag-mfn","mfn-news-tag-mfn-ci-other","mfn-news-tag-mfn-lang-sv"],"acf":[],"_links":{"self":[{"href":"https:\/\/www.profilgruppen.se\/en\/wp-json\/wp\/v2\/mfn_news\/1884","targetHints":{"allow":["GET"]}}],"collection":[{"href":"https:\/\/www.profilgruppen.se\/en\/wp-json\/wp\/v2\/mfn_news"}],"about":[{"href":"https:\/\/www.profilgruppen.se\/en\/wp-json\/wp\/v2\/types\/mfn_news"}],"wp:attachment":[{"href":"https:\/\/www.profilgruppen.se\/en\/wp-json\/wp\/v2\/media?parent=1884"}],"wp:term":[{"taxonomy":"mfn-news-tag","embeddable":true,"href":"https:\/\/www.profilgruppen.se\/en\/wp-json\/wp\/v2\/mfn-news-tag?post=1884"}],"curies":[{"name":"wp","href":"https:\/\/api.w.org\/{rel}","templated":true}]}}