{"id":1855,"date":"2008-12-16T13:30:00","date_gmt":"2008-12-16T12:30:00","guid":{"rendered":"https:\/\/www.profilgruppen.se\/mfn_news\/profilgruppen-kommer-att-rapportera-forlust-i-det-fjarde-kvartalet-och-varslar-ytterligare-20-tjanster-om-uppsagning\/"},"modified":"2008-12-16T13:30:00","modified_gmt":"2008-12-16T12:30:00","slug":"profilgruppen-kommer-att-rapportera-forlust-i-det-fjarde-kvartalet-och-varslar-ytterligare-20-tjanster-om-uppsagning","status":"publish","type":"mfn_news","link":"https:\/\/www.profilgruppen.se\/en\/pressmeddelanden\/profilgruppen-kommer-att-rapportera-forlust-i-det-fjarde-kvartalet-och-varslar-ytterligare-20-tjanster-om-uppsagning\/","title":{"rendered":"ProfilGruppen kommer att rapportera f\u00f6rlust i det fj\u00e4rde kvartalet och varslar ytterligare 20 tj\u00e4nster om upps\u00e4gning"},"content":{"rendered":"<div class=\"mfn-preamble\"><strong><\/strong><\/div>\n<pre><p class=\"mfn-wp-retain\">Det f&ouml;rs&auml;mrade konjunkturl&auml;get, i kombination med kostnader f&ouml;r uppsagd personal, inneb&auml;r att ProfilGruppen kommer att rapportera en v&auml;sentlig f&ouml;rlust i det fj&auml;rde kvartalet.<br>\n<br>\nMarknadsnedg&aring;ngen har visat sig g&aring; snabbare och bli kraftigare &auml;n tidigare bed&ouml;mt. Nedg&aring;ngen som tidigare var tydligast inom bygg- och fordonssegmenten har nu &auml;ven n&aring;tt &ouml;vriga segment. Sammantaget leder detta till att leveransvolymen f&ouml;r fj&auml;rde kvartalet kommer att vara cirka 30 procent l&auml;gre &auml;n motsvarande period f&ouml;reg&aring;ende &aring;r. ProfilGruppen har under innevarande kvartal anpassat kapaciteten inom profilproduktionen i &Aring;seda och 50 medarbetare kommer att l&auml;mna f&ouml;retaget under f&ouml;rsta kvartalet 2009. <br>\n<br>\nF&ouml;r att m&ouml;ta den senaste tidens minskande efterfr&aring;gan tvingas ProfilGruppen att ocks&aring; anpassa kapaciteten inom vidaref&ouml;r&auml;dlingsverksamheten vid dotterbolaget ProfilGruppen Manufacturing, genom att varsla 20 tj&auml;nster om upps&auml;gning. F&ouml;rhandlingar inleds omg&aring;ende med ber&ouml;rda fackliga f&ouml;rbund.<br>\n<br>\n&rdquo;M&aring;nga av v&aring;ra medarbetare har p&aring;verkats av tidigare neddragning och det k&auml;nns d&auml;rf&ouml;r extra tungt att beh&ouml;va varsla &auml;nnu fler. Den f&ouml;rs&auml;mrade konjunkturen g&ouml;r det dock helt n&ouml;dv&auml;ndigt att anpassa verksamheten ytterligare&rdquo;, s&auml;ger VD och koncernchef Nils Arthur. <br>\n<\/p><\/pre>\n<div class=\"mfn-footer\"><\/div>\n<div class=\"mfn-footer mfn-attachment mfn-attachment-general\">\n<p class=\"mfn-wp-retain\"><strong class=\"mfn-heading-1\">Bifogade filer<\/strong><\/p>\n<hr>\n<p class=\"mfn-wp-retain\"><a href=\"https:\/\/feed.ne.cision.com\/Commands\/File.aspx?id=910249\" rel=\"noopener\" target=\"_blank\">wkr0003.pdf<\/a><\/p>\n<\/div>\n<script>\n                Array.prototype.slice.call(document.querySelectorAll(\".mfn-footer.mfn-attachment\")).forEach(function (el) { el.remove() });\n            <\/script>\n        <div class=\"mfn-attachments-container\"><div class=\"mfn-attachment\"><a class=\"mfn-attachment-link\" href=\"https:\/\/storage.mfn.se\/proxy\/wkr0003-pdf.pdf?url=https%3A%2F%2Ffeed.ne.cision.com%2FCommands%2FFile.aspx%3Fid%3D910249\"><span class=\"mfn-attachment-icon\"><img decoding=\"async\" src=\"https:\/\/storage.mfn.se\/proxy\/wkr0003-pdf.pdf?url=https%3A%2F%2Ffeed.ne.cision.com%2FCommands%2FFile.aspx%3Fid%3D910249&type=jpg\"><\/span>wkr0003.pdf<\/a><\/div><\/div>","protected":false},"excerpt":{"rendered":"<p>Det f&ouml;rs&auml;mrade konjunkturl&auml;get, i kombination med kostnader f&ouml;r uppsagd personal, inneb&auml;r att ProfilGruppen kommer att rapportera en v&auml;sentlig f&ouml;rlust i det fj&auml;rde kvartalet. Marknadsnedg&aring;ngen har visat sig g&aring; snabbare och bli kraftigare &auml;n tidigare bed&ouml;mt. Nedg&aring;ngen som tidigare var tydligast inom bygg- och fordonssegmenten har nu &auml;ven n&aring;tt &ouml;vriga segment. Sammantaget leder detta till att &#8230; <a title=\"ProfilGruppen kommer att rapportera f\u00f6rlust i det fj\u00e4rde kvartalet och varslar ytterligare 20 tj\u00e4nster om upps\u00e4gning\" class=\"read-more\" href=\"https:\/\/www.profilgruppen.se\/en\/pressmeddelanden\/profilgruppen-kommer-att-rapportera-forlust-i-det-fjarde-kvartalet-och-varslar-ytterligare-20-tjanster-om-uppsagning\/\" aria-label=\"Read more about ProfilGruppen kommer att rapportera f\u00f6rlust i det fj\u00e4rde kvartalet och varslar ytterligare 20 tj\u00e4nster om upps\u00e4gning\">Read more<\/a><\/p>\n","protected":false},"template":"","mfn-news-tag":[81,44,43,85,46],"class_list":["post-1855","mfn_news","type-mfn_news","status-publish","hentry","mfn-news-tag-mfn-ci","mfn-news-tag-mfn-type-ir","mfn-news-tag-mfn","mfn-news-tag-mfn-ci-other","mfn-news-tag-mfn-lang-sv"],"acf":[],"_links":{"self":[{"href":"https:\/\/www.profilgruppen.se\/en\/wp-json\/wp\/v2\/mfn_news\/1855","targetHints":{"allow":["GET"]}}],"collection":[{"href":"https:\/\/www.profilgruppen.se\/en\/wp-json\/wp\/v2\/mfn_news"}],"about":[{"href":"https:\/\/www.profilgruppen.se\/en\/wp-json\/wp\/v2\/types\/mfn_news"}],"wp:attachment":[{"href":"https:\/\/www.profilgruppen.se\/en\/wp-json\/wp\/v2\/media?parent=1855"}],"wp:term":[{"taxonomy":"mfn-news-tag","embeddable":true,"href":"https:\/\/www.profilgruppen.se\/en\/wp-json\/wp\/v2\/mfn-news-tag?post=1855"}],"curies":[{"name":"wp","href":"https:\/\/api.w.org\/{rel}","templated":true}]}}