{"id":1850,"date":"2009-02-24T13:30:00","date_gmt":"2009-02-24T12:30:00","guid":{"rendered":"https:\/\/www.profilgruppen.se\/mfn_news\/profilgruppen-varslar-om-uppsagning-av-40-tjanster-i-aseda\/"},"modified":"2009-02-24T13:30:00","modified_gmt":"2009-02-24T12:30:00","slug":"profilgruppen-varslar-om-uppsagning-av-40-tjanster-i-aseda","status":"publish","type":"mfn_news","link":"https:\/\/www.profilgruppen.se\/en\/pressmeddelanden\/profilgruppen-varslar-om-uppsagning-av-40-tjanster-i-aseda\/","title":{"rendered":"ProfilGruppen varslar om upps\u00e4gning av 40 tj\u00e4nster i \u00c5seda"},"content":{"rendered":"<div class=\"mfn-preamble\"><strong><\/strong><\/div>\n<pre><p class=\"mfn-wp-retain\">ProfilGruppen varslar idag om upps&auml;gning av 40 tj&auml;nster inom profilproduktionen vid ProfilGruppen Extrusions AB i &Aring;seda. F&ouml;rhandlingar med ber&ouml;rda fackliga f&ouml;rbund kommer att inledas omg&aring;ende. Samtliga av ber&ouml;rd personal kommer att erbjudas omst&auml;llningsst&ouml;d.<br>\n<br>\nDenna &aring;tg&auml;rd genomf&ouml;rs mot bakgrund av en fortsatt svag efterfr&aring;gesituation f&ouml;r aluminiumprofiler p&aring; Europamarknaden.<br>\n<br>\n&rdquo;Efterfr&aring;gan i marknaden ligger p&aring; en niv&aring; som &auml;r l&auml;gre &auml;n den vi anpassat organisationen till under det senaste kvartalet. Det &auml;r v&auml;ldigt tr&aring;kigt att beh&ouml;va varsla ytterligare personal, men det &auml;r en n&ouml;dv&auml;ndighet att anpassa koncernens organisation och kostnad till det r&aring;dande konjunkturl&auml;get&rdquo;, s&auml;ger VD och koncernchef Nils Arthur.&rdquo;<br>\n<\/p><\/pre>\n<div class=\"mfn-footer\"><\/div>\n<div class=\"mfn-footer mfn-attachment mfn-attachment-general\">\n<p class=\"mfn-wp-retain\"><strong class=\"mfn-heading-1\">Bifogade filer<\/strong><\/p>\n<hr>\n<p class=\"mfn-wp-retain\"><a href=\"https:\/\/feed.ne.cision.com\/Commands\/File.aspx?id=936011\" rel=\"noopener\" target=\"_blank\">wkr0003.pdf<\/a><\/p>\n<\/div>\n<script>\n                Array.prototype.slice.call(document.querySelectorAll(\".mfn-footer.mfn-attachment\")).forEach(function (el) { el.remove() });\n            <\/script>\n        <div class=\"mfn-attachments-container\"><div class=\"mfn-attachment\"><a class=\"mfn-attachment-link\" href=\"https:\/\/storage.mfn.se\/proxy\/wkr0003-pdf.pdf?url=https%3A%2F%2Ffeed.ne.cision.com%2FCommands%2FFile.aspx%3Fid%3D936011\"><span class=\"mfn-attachment-icon\"><img decoding=\"async\" src=\"https:\/\/storage.mfn.se\/proxy\/wkr0003-pdf.pdf?url=https%3A%2F%2Ffeed.ne.cision.com%2FCommands%2FFile.aspx%3Fid%3D936011&type=jpg\"><\/span>wkr0003.pdf<\/a><\/div><\/div>","protected":false},"excerpt":{"rendered":"<p>ProfilGruppen varslar idag om upps&auml;gning av 40 tj&auml;nster inom profilproduktionen vid ProfilGruppen Extrusions AB i &Aring;seda. F&ouml;rhandlingar med ber&ouml;rda fackliga f&ouml;rbund kommer att inledas omg&aring;ende. Samtliga av ber&ouml;rd personal kommer att erbjudas omst&auml;llningsst&ouml;d. Denna &aring;tg&auml;rd genomf&ouml;rs mot bakgrund av en fortsatt svag efterfr&aring;gesituation f&ouml;r aluminiumprofiler p&aring; Europamarknaden. &rdquo;Efterfr&aring;gan i marknaden ligger p&aring; en niv&aring; som &#8230; <a title=\"ProfilGruppen varslar om upps\u00e4gning av 40 tj\u00e4nster i \u00c5seda\" class=\"read-more\" href=\"https:\/\/www.profilgruppen.se\/en\/pressmeddelanden\/profilgruppen-varslar-om-uppsagning-av-40-tjanster-i-aseda\/\" aria-label=\"Read more about ProfilGruppen varslar om upps\u00e4gning av 40 tj\u00e4nster i \u00c5seda\">Read more<\/a><\/p>\n","protected":false},"template":"","mfn-news-tag":[81,44,43,85,46],"class_list":["post-1850","mfn_news","type-mfn_news","status-publish","hentry","mfn-news-tag-mfn-ci","mfn-news-tag-mfn-type-ir","mfn-news-tag-mfn","mfn-news-tag-mfn-ci-other","mfn-news-tag-mfn-lang-sv"],"acf":[],"_links":{"self":[{"href":"https:\/\/www.profilgruppen.se\/en\/wp-json\/wp\/v2\/mfn_news\/1850","targetHints":{"allow":["GET"]}}],"collection":[{"href":"https:\/\/www.profilgruppen.se\/en\/wp-json\/wp\/v2\/mfn_news"}],"about":[{"href":"https:\/\/www.profilgruppen.se\/en\/wp-json\/wp\/v2\/types\/mfn_news"}],"wp:attachment":[{"href":"https:\/\/www.profilgruppen.se\/en\/wp-json\/wp\/v2\/media?parent=1850"}],"wp:term":[{"taxonomy":"mfn-news-tag","embeddable":true,"href":"https:\/\/www.profilgruppen.se\/en\/wp-json\/wp\/v2\/mfn-news-tag?post=1850"}],"curies":[{"name":"wp","href":"https:\/\/api.w.org\/{rel}","templated":true}]}}