{"id":1819,"date":"2010-12-29T14:00:00","date_gmt":"2010-12-29T13:00:00","guid":{"rendered":"https:\/\/www.profilgruppen.se\/mfn_news\/profilgruppen-far-ersattning-for-skada-i-samband-med-investering-i-det-tyska-bolaget-pwg-2006\/"},"modified":"2010-12-29T14:00:00","modified_gmt":"2010-12-29T13:00:00","slug":"profilgruppen-far-ersattning-for-skada-i-samband-med-investering-i-det-tyska-bolaget-pwg-2006","status":"publish","type":"mfn_news","link":"https:\/\/www.profilgruppen.se\/en\/pressmeddelanden\/profilgruppen-far-ersattning-for-skada-i-samband-med-investering-i-det-tyska-bolaget-pwg-2006\/","title":{"rendered":"ProfilGruppen f\u00e5r ers\u00e4ttning f\u00f6r skada i samband med investering i det tyska bolaget PWG 2006"},"content":{"rendered":"<div class=\"mfn-preamble\"><strong><\/strong><\/div>\n<p class=\"mfn-wp-retain\"><span>ProfilGruppen AB har via skiljedom tilld&ouml;mts ett skadest&aring;nd om 8,0 Mkr j&auml;mte r&auml;nta om cirka 2,8 Mkr, totalt cirka 10,8 Mkr. Tvisten avs&aring;g bristf&auml;llig r&aring;dgivning i samband med ProfilGruppens investering i det tyska bolaget Profilrollen-Werkzeugbau GmbH&amp;Co.KG, i slutet av 2006. Strax efter investeringen tvingades ProfilGruppen till en nedskrivning av innehavet uppg&aring;ende till 16,4 Mkr, vilket f&ouml;ranledde ProfilGruppen att kr&auml;va sin r&aring;dgivare p&aring; ers&auml;ttning f&ouml;r bristf&auml;llig due diligence.<\/span><\/p>\n<p class=\"mfn-wp-retain\"><span>Efter avdrag f&ouml;r nedlagda kostnader ber&auml;knas skadest&aring;ndet p&aring;verka &aring;rets r&ouml;relseresultat positivt med 5,2 Mkr och resultatet f&ouml;re skatt med 8,0 Mkr.<\/span><\/p>\n<p class=\"mfn-wp-retain\"><span>Effekten i det fj&auml;rde kvartalet ber&auml;knas till cirka 6,9 Mkr p&aring; r&ouml;relseresultatet och till 9,7 Mkr p&aring; resultatet f&ouml;re skatt. <\/span><\/p>\n<p class=\"mfn-wp-retain\"><span>&nbsp;<\/span><\/p>\n<p class=\"mfn-wp-retain\"><span>&nbsp;<\/span><\/p>\n<div class=\"mfn-footer\">\n<p class=\"mfn-wp-retain\">________________________________________________&nbsp;<\/p>\n<p class=\"mfn-wp-retain\"><span>Kontaktperson f&ouml;r information:<\/span><\/p>\n<p class=\"mfn-wp-retain\"><span>Peter Sch&ouml;n, CFO, mobil 070-339 89 99<br \/>e-post: <span><a href=\"mailto:peter.schon@profilgruppen.se\" rel=\"nofollow\">peter.schon@profilgruppen.se<\/a>&nbsp;&nbsp;<br \/><\/span><\/span>________________________________________________&nbsp;<\/p>\n<\/div>\n<div class=\"mfn-footer mfn-attachment mfn-attachment-general\">\n<p class=\"mfn-wp-retain\"><strong class=\"mfn-heading-1\">Bifogade filer<\/strong><\/p>\n<hr>\n<p class=\"mfn-wp-retain\"><a href=\"https:\/\/feed.ne.cision.com\/Commands\/File.aspx?id=1263056\" rel=\"noopener\" target=\"_blank\">wkr0005.pdf<\/a><\/p>\n<\/div>\n<script>\n                Array.prototype.slice.call(document.querySelectorAll(\".mfn-footer.mfn-attachment\")).forEach(function (el) { el.remove() });\n            <\/script>\n        <div class=\"mfn-attachments-container\"><div class=\"mfn-attachment\"><a class=\"mfn-attachment-link\" href=\"https:\/\/storage.mfn.se\/proxy\/wkr0005-pdf.pdf?url=https%3A%2F%2Ffeed.ne.cision.com%2FCommands%2FFile.aspx%3Fid%3D1263056\"><span class=\"mfn-attachment-icon\"><img decoding=\"async\" src=\"https:\/\/storage.mfn.se\/proxy\/wkr0005-pdf.pdf?url=https%3A%2F%2Ffeed.ne.cision.com%2FCommands%2FFile.aspx%3Fid%3D1263056&type=jpg\"><\/span>wkr0005.pdf<\/a><\/div><\/div>","protected":false},"excerpt":{"rendered":"<p>ProfilGruppen AB har via skiljedom tilld&ouml;mts ett skadest&aring;nd om 8,0 Mkr j&auml;mte r&auml;nta om cirka 2,8 Mkr, totalt cirka 10,8 Mkr. Tvisten avs&aring;g bristf&auml;llig r&aring;dgivning i samband med ProfilGruppens investering i det tyska bolaget Profilrollen-Werkzeugbau GmbH&amp;Co.KG, i slutet av 2006. Strax efter investeringen tvingades ProfilGruppen till en nedskrivning av innehavet uppg&aring;ende till 16,4 Mkr, vilket &#8230; <a title=\"ProfilGruppen f\u00e5r ers\u00e4ttning f\u00f6r skada i samband med investering i det tyska bolaget PWG 2006\" class=\"read-more\" href=\"https:\/\/www.profilgruppen.se\/en\/pressmeddelanden\/profilgruppen-far-ersattning-for-skada-i-samband-med-investering-i-det-tyska-bolaget-pwg-2006\/\" aria-label=\"Read more about ProfilGruppen f\u00e5r ers\u00e4ttning f\u00f6r skada i samband med investering i det tyska bolaget PWG 2006\">Read more<\/a><\/p>\n","protected":false},"template":"","mfn-news-tag":[81,44,43,85,46],"class_list":["post-1819","mfn_news","type-mfn_news","status-publish","hentry","mfn-news-tag-mfn-ci","mfn-news-tag-mfn-type-ir","mfn-news-tag-mfn","mfn-news-tag-mfn-ci-other","mfn-news-tag-mfn-lang-sv"],"acf":[],"_links":{"self":[{"href":"https:\/\/www.profilgruppen.se\/en\/wp-json\/wp\/v2\/mfn_news\/1819","targetHints":{"allow":["GET"]}}],"collection":[{"href":"https:\/\/www.profilgruppen.se\/en\/wp-json\/wp\/v2\/mfn_news"}],"about":[{"href":"https:\/\/www.profilgruppen.se\/en\/wp-json\/wp\/v2\/types\/mfn_news"}],"wp:attachment":[{"href":"https:\/\/www.profilgruppen.se\/en\/wp-json\/wp\/v2\/media?parent=1819"}],"wp:term":[{"taxonomy":"mfn-news-tag","embeddable":true,"href":"https:\/\/www.profilgruppen.se\/en\/wp-json\/wp\/v2\/mfn-news-tag?post=1819"}],"curies":[{"name":"wp","href":"https:\/\/api.w.org\/{rel}","templated":true}]}}