{"id":1816,"date":"2011-02-14T08:30:00","date_gmt":"2011-02-14T07:30:00","guid":{"rendered":"https:\/\/www.profilgruppen.se\/mfn_news\/skadestandsersattning-kommer-av-forsiktighetsskal-inte-att-redovisas-i-2010-ars-bokslut\/"},"modified":"2011-02-14T08:30:00","modified_gmt":"2011-02-14T07:30:00","slug":"skadestandsersattning-kommer-av-forsiktighetsskal-inte-att-redovisas-i-2010-ars-bokslut","status":"publish","type":"mfn_news","link":"https:\/\/www.profilgruppen.se\/en\/pressmeddelanden\/skadestandsersattning-kommer-av-forsiktighetsskal-inte-att-redovisas-i-2010-ars-bokslut\/","title":{"rendered":"Skadest\u00e5ndsers\u00e4ttning kommer av f\u00f6rsiktighetssk\u00e4l inte att redovisas i 2010 \u00e5rs bokslut"},"content":{"rendered":"<div class=\"mfn-preamble\"><strong><\/strong><\/div>\n<p class=\"mfn-wp-retain\"><span><span>ProfilGruppen har tillerk&auml;nts ett skadest&aring;nd om 8,0 Mkr genom skiljedom i december 2010. I pressmeddelande den 29 december aviserades att skadest&aring;ndet j&auml;mte r&auml;nta skulle komma att p&aring;verka resultatet under 2010. Motparten har i februari klandrat skiljedomen. Med h&auml;nsyn till den tid som kan &aring;tg&aring; innan fr&aring;gan om klander &auml;r slutligt avgjord, har bolaget, av f&ouml;rsiktighetssk&auml;l, valt att avvakta med att redovisa skadest&aring;ndet som int&auml;kt, till den tidpunkt d&aring; fr&aring;gan &auml;r r&auml;ttskraftigt avgjord.<\/span><\/span><\/p>\n<p class=\"mfn-wp-retain\"><span><span>&nbsp;<\/span><\/span><\/p>\n<p class=\"mfn-wp-retain\"><span><span>&nbsp;<\/span><\/span><\/p>\n<p class=\"mfn-wp-retain\"><span><span>&nbsp;<\/span><\/span><\/p>\n<div class=\"mfn-footer\">\n<p class=\"mfn-wp-retain\">_____________________________________________________<\/p>\n<p class=\"mfn-wp-retain\"><span><span>Kontaktperson f&ouml;r information:<br \/><\/span><\/span><\/p>\n<p class=\"mfn-wp-retain\"><span><span><\/span><\/span><span><span>Peter Sch&ouml;n, CFO, mobil 070-339 89 99 <br \/><\/span><span>e-post: <\/span><\/span><a href=\"mailto:peter.schon@profilgruppen.se\" rel=\"nofollow\"><span><span>peter.schon@profilgruppen.se<\/span><\/span><\/a><span>&nbsp;<br \/><\/span>_____________________________________________________<\/p>\n<\/div>\n<div class=\"mfn-footer mfn-attachment mfn-attachment-general\">\n<p class=\"mfn-wp-retain\"><strong class=\"mfn-heading-1\">Bifogade filer<\/strong><\/p>\n<hr>\n<p class=\"mfn-wp-retain\"><a href=\"https:\/\/feed.ne.cision.com\/Commands\/File.aspx?id=1294289\" rel=\"noopener\" target=\"_blank\">wkr0001.pdf<\/a><\/p>\n<\/div>\n<script>\n                Array.prototype.slice.call(document.querySelectorAll(\".mfn-footer.mfn-attachment\")).forEach(function (el) { el.remove() });\n            <\/script>\n        <div class=\"mfn-attachments-container\"><div class=\"mfn-attachment\"><a class=\"mfn-attachment-link\" href=\"https:\/\/storage.mfn.se\/proxy\/wkr0001-pdf.pdf?url=https%3A%2F%2Ffeed.ne.cision.com%2FCommands%2FFile.aspx%3Fid%3D1294289\"><span class=\"mfn-attachment-icon\"><img decoding=\"async\" src=\"https:\/\/storage.mfn.se\/proxy\/wkr0001-pdf.pdf?url=https%3A%2F%2Ffeed.ne.cision.com%2FCommands%2FFile.aspx%3Fid%3D1294289&type=jpg\"><\/span>wkr0001.pdf<\/a><\/div><\/div>","protected":false},"excerpt":{"rendered":"<p>ProfilGruppen har tillerk&auml;nts ett skadest&aring;nd om 8,0 Mkr genom skiljedom i december 2010. I pressmeddelande den 29 december aviserades att skadest&aring;ndet j&auml;mte r&auml;nta skulle komma att p&aring;verka resultatet under 2010. Motparten har i februari klandrat skiljedomen. Med h&auml;nsyn till den tid som kan &aring;tg&aring; innan fr&aring;gan om klander &auml;r slutligt avgjord, har bolaget, av f&ouml;rsiktighetssk&auml;l, &#8230; <a title=\"Skadest\u00e5ndsers\u00e4ttning kommer av f\u00f6rsiktighetssk\u00e4l inte att redovisas i 2010 \u00e5rs bokslut\" class=\"read-more\" href=\"https:\/\/www.profilgruppen.se\/en\/pressmeddelanden\/skadestandsersattning-kommer-av-forsiktighetsskal-inte-att-redovisas-i-2010-ars-bokslut\/\" aria-label=\"Read more about Skadest\u00e5ndsers\u00e4ttning kommer av f\u00f6rsiktighetssk\u00e4l inte att redovisas i 2010 \u00e5rs bokslut\">Read more<\/a><\/p>\n","protected":false},"template":"","mfn-news-tag":[81,44,43,85,46],"class_list":["post-1816","mfn_news","type-mfn_news","status-publish","hentry","mfn-news-tag-mfn-ci","mfn-news-tag-mfn-type-ir","mfn-news-tag-mfn","mfn-news-tag-mfn-ci-other","mfn-news-tag-mfn-lang-sv"],"acf":[],"_links":{"self":[{"href":"https:\/\/www.profilgruppen.se\/en\/wp-json\/wp\/v2\/mfn_news\/1816","targetHints":{"allow":["GET"]}}],"collection":[{"href":"https:\/\/www.profilgruppen.se\/en\/wp-json\/wp\/v2\/mfn_news"}],"about":[{"href":"https:\/\/www.profilgruppen.se\/en\/wp-json\/wp\/v2\/types\/mfn_news"}],"wp:attachment":[{"href":"https:\/\/www.profilgruppen.se\/en\/wp-json\/wp\/v2\/media?parent=1816"}],"wp:term":[{"taxonomy":"mfn-news-tag","embeddable":true,"href":"https:\/\/www.profilgruppen.se\/en\/wp-json\/wp\/v2\/mfn-news-tag?post=1816"}],"curies":[{"name":"wp","href":"https:\/\/api.w.org\/{rel}","templated":true}]}}