{"id":1806,"date":"2011-03-31T19:30:00","date_gmt":"2011-03-31T17:30:00","guid":{"rendered":"https:\/\/www.profilgruppen.se\/mfn_news\/kommunike-fran-arsstamma-i-profilgruppen-ab-publ-2\/"},"modified":"2011-03-31T19:30:00","modified_gmt":"2011-03-31T17:30:00","slug":"kommunike-fran-arsstamma-i-profilgruppen-ab-publ-2","status":"publish","type":"mfn_news","link":"https:\/\/www.profilgruppen.se\/en\/pressmeddelanden\/kommunike-fran-arsstamma-i-profilgruppen-ab-publ-2\/","title":{"rendered":"Kommunik\u00e9 fr\u00e5n \u00e5rsst\u00e4mma i ProfilGruppen AB (publ)"},"content":{"rendered":"<div class=\"mfn-preamble\"><strong><\/strong><\/div>\n<p class=\"mfn-wp-retain\"><span>* Utdelningen fastst&auml;lldes till 1,50 kr per aktie f&ouml;r verksamhets&aring;ret 2010 (0,00 kr).<\/span><\/p>\n<p class=\"mfn-wp-retain\"><span>* Till styrelse omvaldes Eva F&auml;rnstrand (ordf&ouml;rande), Mats Egeholm, Ulf Granstrand, <br \/>Susanna Hilleskog och Kjell Svensson.<\/span><\/p>\n<p class=\"mfn-wp-retain\"><span>* Styrelsen fick bemyndigande att fatta beslut om nyemission f&ouml;r att finansiera eventuella <br \/>f&ouml;rv&auml;rv.<\/span><\/p>\n<p class=\"mfn-wp-retain\"><span>&nbsp;<\/span><\/p>\n<p class=\"mfn-wp-retain\"><span><span>Sammandrag av VD:s anf&ouml;rande och protokoll fr&aring;n st&auml;mman publiceras p&aring; bolagets hemsida, <span><a href=\"http:\/\/www.profilgruppen.se\/\" rel=\"nofollow\">www.profilgruppen.se<\/a>.<\/span><\/span><\/span><\/p>\n<div class=\"mfn-footer\">\n<p class=\"mfn-wp-retain\">__________________________________________________<\/p>\n<p class=\"mfn-wp-retain\"><span><span>Kontaktpersoner f&ouml;r information:<\/span><\/span><\/p>\n<p class=\"mfn-wp-retain\"><span><span>Claes Seldeby, VD och Koncernchef, mobil 073-230 05 70 <br \/><\/span><span>e-post: <a href=\"mailto:claes.seldeby@profilgruppen.se\" rel=\"nofollow\">claes.seldeby@profilgruppen.se<\/a> <\/span><\/span><\/p>\n<p class=\"mfn-wp-retain\"><span><span>Peter Sch&ouml;n<\/span><\/span><span><span>, CFO, mobil 070-339 89 99 <br \/><\/span><span>e-post: <a href=\"mailto:peter.schon@profilgruppen.se\" rel=\"nofollow\">peter.schon@profilgruppen.se<\/a>&nbsp;<\/span><\/span><\/p>\n<p class=\"mfn-wp-retain\">__________________________________________________<\/p>\n<\/div>\n<div class=\"mfn-footer mfn-attachment mfn-attachment-general\">\n<p class=\"mfn-wp-retain\"><strong class=\"mfn-heading-1\">Bifogade filer<\/strong><\/p>\n<hr>\n<p class=\"mfn-wp-retain\"><a href=\"https:\/\/feed.ne.cision.com\/Commands\/File.aspx?id=1332646\" rel=\"noopener\" target=\"_blank\">wkr0005.pdf<\/a><\/p>\n<\/div>\n<script>\n                Array.prototype.slice.call(document.querySelectorAll(\".mfn-footer.mfn-attachment\")).forEach(function (el) { el.remove() });\n            <\/script>\n        <div class=\"mfn-attachments-container\"><div class=\"mfn-attachment\"><a class=\"mfn-attachment-link\" href=\"https:\/\/storage.mfn.se\/proxy\/wkr0005-pdf.pdf?url=https%3A%2F%2Ffeed.ne.cision.com%2FCommands%2FFile.aspx%3Fid%3D1332646\"><span class=\"mfn-attachment-icon\"><img decoding=\"async\" src=\"https:\/\/storage.mfn.se\/proxy\/wkr0005-pdf.pdf?url=https%3A%2F%2Ffeed.ne.cision.com%2FCommands%2FFile.aspx%3Fid%3D1332646&type=jpg\"><\/span>wkr0005.pdf<\/a><\/div><\/div>","protected":false},"excerpt":{"rendered":"<p>* Utdelningen fastst&auml;lldes till 1,50 kr per aktie f&ouml;r verksamhets&aring;ret 2010 (0,00 kr). * Till styrelse omvaldes Eva F&auml;rnstrand (ordf&ouml;rande), Mats Egeholm, Ulf Granstrand, Susanna Hilleskog och Kjell Svensson. * Styrelsen fick bemyndigande att fatta beslut om nyemission f&ouml;r att finansiera eventuella f&ouml;rv&auml;rv. &nbsp; Sammandrag av VD:s anf&ouml;rande och protokoll fr&aring;n st&auml;mman publiceras p&aring; bolagets &#8230; <a title=\"Kommunik\u00e9 fr\u00e5n \u00e5rsst\u00e4mma i ProfilGruppen AB (publ)\" class=\"read-more\" href=\"https:\/\/www.profilgruppen.se\/en\/pressmeddelanden\/kommunike-fran-arsstamma-i-profilgruppen-ab-publ-2\/\" aria-label=\"Read more about Kommunik\u00e9 fr\u00e5n \u00e5rsst\u00e4mma i ProfilGruppen AB (publ)\">Read more<\/a><\/p>\n","protected":false},"template":"","mfn-news-tag":[81,82,44,58,43,52,84,46],"class_list":["post-1806","mfn_news","type-mfn_news","status-publish","hentry","mfn-news-tag-mfn-ci","mfn-news-tag-mfn-ci-gm","mfn-news-tag-mfn-type-ir","mfn-news-tag-mfn-regulatory-listing","mfn-news-tag-mfn","mfn-news-tag-mfn-regulatory","mfn-news-tag-mfn-ci-gm-info","mfn-news-tag-mfn-lang-sv"],"acf":[],"_links":{"self":[{"href":"https:\/\/www.profilgruppen.se\/en\/wp-json\/wp\/v2\/mfn_news\/1806","targetHints":{"allow":["GET"]}}],"collection":[{"href":"https:\/\/www.profilgruppen.se\/en\/wp-json\/wp\/v2\/mfn_news"}],"about":[{"href":"https:\/\/www.profilgruppen.se\/en\/wp-json\/wp\/v2\/types\/mfn_news"}],"wp:attachment":[{"href":"https:\/\/www.profilgruppen.se\/en\/wp-json\/wp\/v2\/media?parent=1806"}],"wp:term":[{"taxonomy":"mfn-news-tag","embeddable":true,"href":"https:\/\/www.profilgruppen.se\/en\/wp-json\/wp\/v2\/mfn-news-tag?post=1806"}],"curies":[{"name":"wp","href":"https:\/\/api.w.org\/{rel}","templated":true}]}}