{"id":1774,"date":"2012-03-29T20:00:00","date_gmt":"2012-03-29T18:00:00","guid":{"rendered":"https:\/\/www.profilgruppen.se\/mfn_news\/kommunike-fran-arsstamma-i-profilgruppen-ab-publ\/"},"modified":"2012-03-29T20:00:00","modified_gmt":"2012-03-29T18:00:00","slug":"kommunike-fran-arsstamma-i-profilgruppen-ab-publ","status":"publish","type":"mfn_news","link":"https:\/\/www.profilgruppen.se\/en\/pressmeddelanden\/kommunike-fran-arsstamma-i-profilgruppen-ab-publ\/","title":{"rendered":"Kommunik\u00e9 fr\u00e5n \u00e5rsst\u00e4mma i ProfilGruppen AB (publ)"},"content":{"rendered":"<p class=\"mfn-wp-retain\"><span>* &Aring;rsst&auml;mman beslutade att ingen utdelning utg&aring;r f&ouml;r verksamhets&aring;ret 2011 (f&ouml;reg&aring;ende &aring;r <\/span><span>1,50 kr per aktie).<\/span><\/p>\n<p class=\"mfn-wp-retain\"><span>* Till styrelse omvaldes Eva F&auml;rnstrand (ordf&ouml;rande), Mats Egeholm och Susanna Hilleskog. Till nya ledam&ouml;ter valdes Bengt Stillstr&ouml;m och Thomas Widstrand.<\/span><\/p>\n<p class=\"mfn-wp-retain\"><span>* Styrelsen fick bemyndigande att fatta beslut om nyemission f&ouml;r att finansiera eventuella <\/span><span>f&ouml;rv&auml;rv.<br \/><\/span><\/p>\n<p class=\"mfn-wp-retain\">\n<p class=\"mfn-wp-retain\">Sammandrag av VD:s anf&ouml;rande och protokoll fr&aring;n st&auml;mman publiceras p&aring; bolagets hemsida, <span><a href=\"http:\/\/www.profilgruppen.se\/\" rel=\"nofollow\">www.profilgruppen.se<\/a>.<\/span><\/p>\n<div class=\"mfn-footer\">\n<p class=\"mfn-wp-retain\">____________________________________________&nbsp;<\/p>\n<p class=\"mfn-wp-retain\"><span><span>Kontaktperson f&ouml;r information:<\/span><\/span><\/p>\n<p class=\"mfn-wp-retain\"><span><span>Peter Sch&ouml;n<\/span><span>, Tf VD och Koncernchef, mobil 070-339 89 99 <br \/><\/span><\/span><span><span>e-post: <a href=\"mailto:peter.schon@profilgruppen.se\" rel=\"nofollow\">peter.schon@profilgruppen.se<\/a> <\/span><\/span><\/p>\n<p class=\"mfn-wp-retain\">____________________________________________&nbsp;<\/p>\n<\/div>\n<div class=\"mfn-footer mfn-attachment mfn-attachment-general\">\n<p class=\"mfn-wp-retain\"><strong class=\"mfn-heading-1\">Bifogade filer<\/strong><\/p>\n<hr>\n<p class=\"mfn-wp-retain\"><a href=\"https:\/\/mb.cision.com\/Public\/MigratedWpy\/93832\/9240667\/aab9c377e35b5efb.pdf\" rel=\"noopener\" target=\"_blank\">wkr0001.pdf<\/a><\/p>\n<\/div>\n<script>\n                Array.prototype.slice.call(document.querySelectorAll(\".mfn-footer.mfn-attachment\")).forEach(function (el) { el.remove() });\n            <\/script>\n        <div class=\"mfn-attachments-container\"><div class=\"mfn-attachment\"><a class=\"mfn-attachment-link\" href=\"https:\/\/storage.mfn.se\/proxy\/wkr0001-pdf.pdf?url=https%3A%2F%2Fmb.cision.com%2FPublic%2FMigratedWpy%2F93832%2F9240667%2Faab9c377e35b5efb.pdf\"><span class=\"mfn-attachment-icon\"><img decoding=\"async\" src=\"https:\/\/storage.mfn.se\/proxy\/wkr0001-pdf.pdf?url=https%3A%2F%2Fmb.cision.com%2FPublic%2FMigratedWpy%2F93832%2F9240667%2Faab9c377e35b5efb.pdf&type=jpg\"><\/span>wkr0001.pdf<\/a><\/div><\/div>","protected":false},"excerpt":{"rendered":"<p>* &Aring;rsst&auml;mman beslutade att ingen utdelning utg&aring;r f&ouml;r verksamhets&aring;ret 2011 (f&ouml;reg&aring;ende &aring;r 1,50 kr per aktie). * Till styrelse omvaldes Eva F&auml;rnstrand (ordf&ouml;rande), Mats Egeholm och Susanna Hilleskog. Till nya ledam&ouml;ter valdes Bengt Stillstr&ouml;m och Thomas Widstrand. * Styrelsen fick bemyndigande att fatta beslut om nyemission f&ouml;r att finansiera eventuella f&ouml;rv&auml;rv. Sammandrag av VD:s anf&ouml;rande &#8230; <a title=\"Kommunik\u00e9 fr\u00e5n \u00e5rsst\u00e4mma i ProfilGruppen AB (publ)\" class=\"read-more\" href=\"https:\/\/www.profilgruppen.se\/en\/pressmeddelanden\/kommunike-fran-arsstamma-i-profilgruppen-ab-publ\/\" aria-label=\"Read more about Kommunik\u00e9 fr\u00e5n \u00e5rsst\u00e4mma i ProfilGruppen AB (publ)\">Read more<\/a><\/p>\n","protected":false},"template":"","mfn-news-tag":[81,82,44,58,43,52,84,46],"class_list":["post-1774","mfn_news","type-mfn_news","status-publish","hentry","mfn-news-tag-mfn-ci","mfn-news-tag-mfn-ci-gm","mfn-news-tag-mfn-type-ir","mfn-news-tag-mfn-regulatory-listing","mfn-news-tag-mfn","mfn-news-tag-mfn-regulatory","mfn-news-tag-mfn-ci-gm-info","mfn-news-tag-mfn-lang-sv"],"acf":[],"_links":{"self":[{"href":"https:\/\/www.profilgruppen.se\/en\/wp-json\/wp\/v2\/mfn_news\/1774","targetHints":{"allow":["GET"]}}],"collection":[{"href":"https:\/\/www.profilgruppen.se\/en\/wp-json\/wp\/v2\/mfn_news"}],"about":[{"href":"https:\/\/www.profilgruppen.se\/en\/wp-json\/wp\/v2\/types\/mfn_news"}],"wp:attachment":[{"href":"https:\/\/www.profilgruppen.se\/en\/wp-json\/wp\/v2\/media?parent=1774"}],"wp:term":[{"taxonomy":"mfn-news-tag","embeddable":true,"href":"https:\/\/www.profilgruppen.se\/en\/wp-json\/wp\/v2\/mfn-news-tag?post=1774"}],"curies":[{"name":"wp","href":"https:\/\/api.w.org\/{rel}","templated":true}]}}