{"id":1757,"date":"2013-03-06T12:00:00","date_gmt":"2013-03-06T11:00:00","guid":{"rendered":"https:\/\/www.profilgruppen.se\/mfn_news\/profilgruppen-ab-publ-forandrar-styrelsen\/"},"modified":"2013-03-06T12:00:00","modified_gmt":"2013-03-06T11:00:00","slug":"profilgruppen-ab-publ-forandrar-styrelsen","status":"publish","type":"mfn_news","link":"https:\/\/www.profilgruppen.se\/en\/pressmeddelanden\/profilgruppen-ab-publ-forandrar-styrelsen\/","title":{"rendered":"ProfilGruppen AB (publ) f\u00f6r\u00e4ndrar styrelsen"},"content":{"rendered":"<p class=\"mfn-wp-retain\">\n<p class=\"mfn-wp-retain\"><span>ProfilGruppens styrelseordf&ouml;rande Eva F&auml;rnstrand avg&aring;r i samband med &Aring;rsst&auml;mman i april 2013. Eva F&auml;rnstrand har varit ledamot i styrelsen sedan 2008 och dess ordf&ouml;rande sedan 2009.<\/span><\/p>\n<p class=\"mfn-wp-retain\">\n<p class=\"mfn-wp-retain\"><span>Valberedningen f&ouml;resl&aring;r att civilingenj&ouml;r K&aring;re Wetterberg blir ny ordinarie ledamot och styrelsens ordf&ouml;rande.<\/span><\/p>\n<p class=\"mfn-wp-retain\">\n<p class=\"mfn-wp-retain\"><span>K&aring;re Wetterberg har l&aring;ng erfarenhet fr&aring;n aluminiumbranschen och har under &aring;ren <\/span><span>1974-2011 arbetat i olika befattningar inom Sapa-koncernen. Under &aring;ren 1997-2002 var han chef f&ouml;r Sapa Vetlanda och 2004-2006 var han koncernchef. Under perioden 2007 till 2011 arbetade han som Senior Advisor och medlem av Sapas koncernledning.<\/span><\/p>\n<p class=\"mfn-wp-retain\">\n<p class=\"mfn-wp-retain\"><span>Sedan 2011 har K&aring;re Wetterberg arbetat i egen verksamhet med uppdrag fr&aring;n bland annat Constellium Extrusions.<\/span><\/p>\n<p class=\"mfn-wp-retain\">\n<p class=\"mfn-wp-retain\"><span><em>&rdquo;K&aring;re Wetterberg har stor kunskap om aluminiumbranschen och l&aring;ng erfarenhet fr&aring;n ledarskap inom expansiv svensk och internationell profilindustri.&rdquo; <\/em>s&auml;ger Lars Johansson, valberedningens ordf&ouml;rande.<\/span><\/p>\n<p class=\"mfn-wp-retain\">\n<p class=\"mfn-wp-retain\"><span>Omval f&ouml;resl&aring;s f&ouml;r styrelsens &ouml;vriga ledam&ouml;ter; Susanna Hilleskog, Thomas Widstrand, Bengt Stillstr&ouml;m och Mats Egeholm.<\/span><\/p>\n<p class=\"mfn-wp-retain\">\n<p class=\"mfn-wp-retain\"><span>Valberedningens motiverade yttrande betr&auml;ffande sitt f&ouml;rslag till styrelse, med beaktande av vad som s&auml;gs i Svensk kod f&ouml;r bolagsstyrning 2.6, finns p&aring; bolagets hemsida.<\/span><\/p>\n<p class=\"mfn-wp-retain\">\n<div class=\"mfn-footer\">\n<p class=\"mfn-wp-retain\"><span>_____________________________________________ <br \/><\/span><\/p>\n<p class=\"mfn-wp-retain\"><span><strong>F&ouml;r mer information, v&auml;nligen kontakta: <br \/><\/strong>Lars Johansson, valberedningens ordf&ouml;rande <\/span><br \/><span>Mobil 070-658 39 05<\/span><\/p>\n<p class=\"mfn-wp-retain\"><span><\/span>&nbsp;<\/p>\n<p class=\"mfn-wp-retain\"><span><\/span><\/p>\n<\/div>\n<div class=\"mfn-footer mfn-attachment mfn-attachment-general\">\n<p class=\"mfn-wp-retain\"><strong class=\"mfn-heading-1\">Bifogade filer<\/strong><\/p>\n<hr>\n<p class=\"mfn-wp-retain\"><a class=\"mfn-primary\" href=\"https:\/\/mb.cision.com\/Main\/2130\/9380880\/99487.pdf\" rel=\"noopener\" target=\"_blank\">Pressrelease_Valberedningens f&ouml;rslag till &aring;rsst&auml;mman<\/a><\/p>\n<\/div>\n<script>\n                Array.prototype.slice.call(document.querySelectorAll(\".mfn-footer.mfn-attachment\")).forEach(function (el) { el.remove() });\n            <\/script>\n        <div class=\"mfn-attachments-container\"><div class=\"mfn-attachment mfn-primary\"><a class=\"mfn-attachment-link\" href=\"https:\/\/storage.mfn.se\/proxy\/pressrelease_valberedningens-forslag-till-arsstamman.pdf?url=https%3A%2F%2Fmb.cision.com%2FMain%2F2130%2F9380880%2F99487.pdf\"><span class=\"mfn-attachment-icon\"><img decoding=\"async\" src=\"https:\/\/storage.mfn.se\/proxy\/pressrelease_valberedningens-forslag-till-arsstamman.pdf?url=https%3A%2F%2Fmb.cision.com%2FMain%2F2130%2F9380880%2F99487.pdf&type=jpg\"><\/span>Pressrelease_Valberedningens f\u00f6rslag till \u00e5rsst\u00e4mman<\/a><\/div><\/div>","protected":false},"excerpt":{"rendered":"<p>ProfilGruppens styrelseordf&ouml;rande Eva F&auml;rnstrand avg&aring;r i samband med &Aring;rsst&auml;mman i april 2013. Eva F&auml;rnstrand har varit ledamot i styrelsen sedan 2008 och dess ordf&ouml;rande sedan 2009. Valberedningen f&ouml;resl&aring;r att civilingenj&ouml;r K&aring;re Wetterberg blir ny ordinarie ledamot och styrelsens ordf&ouml;rande. K&aring;re Wetterberg har l&aring;ng erfarenhet fr&aring;n aluminiumbranschen och har under &aring;ren 1974-2011 arbetat i olika befattningar &#8230; <a title=\"ProfilGruppen AB (publ) f\u00f6r\u00e4ndrar styrelsen\" class=\"read-more\" href=\"https:\/\/www.profilgruppen.se\/en\/pressmeddelanden\/profilgruppen-ab-publ-forandrar-styrelsen\/\" aria-label=\"Read more about ProfilGruppen AB (publ) f\u00f6r\u00e4ndrar styrelsen\">Read more<\/a><\/p>\n","protected":false},"template":"","mfn-news-tag":[81,44,58,43,52,93,46],"class_list":["post-1757","mfn_news","type-mfn_news","status-publish","hentry","mfn-news-tag-mfn-ci","mfn-news-tag-mfn-type-ir","mfn-news-tag-mfn-regulatory-listing","mfn-news-tag-mfn","mfn-news-tag-mfn-regulatory","mfn-news-tag-mfn-ci-staff","mfn-news-tag-mfn-lang-sv"],"acf":[],"_links":{"self":[{"href":"https:\/\/www.profilgruppen.se\/en\/wp-json\/wp\/v2\/mfn_news\/1757","targetHints":{"allow":["GET"]}}],"collection":[{"href":"https:\/\/www.profilgruppen.se\/en\/wp-json\/wp\/v2\/mfn_news"}],"about":[{"href":"https:\/\/www.profilgruppen.se\/en\/wp-json\/wp\/v2\/types\/mfn_news"}],"wp:attachment":[{"href":"https:\/\/www.profilgruppen.se\/en\/wp-json\/wp\/v2\/media?parent=1757"}],"wp:term":[{"taxonomy":"mfn-news-tag","embeddable":true,"href":"https:\/\/www.profilgruppen.se\/en\/wp-json\/wp\/v2\/mfn-news-tag?post=1757"}],"curies":[{"name":"wp","href":"https:\/\/api.w.org\/{rel}","templated":true}]}}