{"id":1749,"date":"2013-04-11T19:45:00","date_gmt":"2013-04-11T17:45:00","guid":{"rendered":"https:\/\/www.profilgruppen.se\/mfn_news\/beslut-fran-arsstamma-i-profilgruppen-ab-6\/"},"modified":"2013-04-11T19:45:00","modified_gmt":"2013-04-11T17:45:00","slug":"beslut-fran-arsstamma-i-profilgruppen-ab-6","status":"publish","type":"mfn_news","link":"https:\/\/www.profilgruppen.se\/en\/pressmeddelanden\/beslut-fran-arsstamma-i-profilgruppen-ab-6\/","title":{"rendered":"Beslut fr\u00e5n \u00e5rsst\u00e4mma i ProfilGruppen AB"},"content":{"rendered":"<p class=\"mfn-wp-retain\"><strong>Vid dagens &aring;rsst&auml;mma i Folkets Hus i &Aring;seda deltog cirka 110 aktie&auml;gare och g&auml;ster. St&auml;mman leddes av Eva F&auml;rnstrand.<\/strong><\/p>\n<p>VD och Koncernchef Anders Frisinger sammanfattade fjol&aring;ret och &aring;tg&auml;rder under h&ouml;sten och vintern som genomf&ouml;rts sedan Anders tilltr&auml;de den 1 juli 2012. Anders gick &auml;ven igenom framtida fokusomr&aring;den och marknadssatsningar och gick avslutningsvis igenom marknads- och finansiell utveckling under &aring;ret som g&aring;tt.<\/p>\n<p class=\"mfn-wp-retain\"><strong>Beslut fr&aring;n st&auml;mman<\/strong><\/p>\n<p class=\"mfn-wp-retain\">Resultatr&auml;kningen och balansr&auml;kningen samt koncernresultatr&auml;kningen och koncernbalans-r&auml;kningen fastst&auml;lldes.<\/p>\n<p class=\"mfn-wp-retain\"><strong><em>Utdelning<br \/><\/em><\/strong>Mot bakgrund av koncernens operativa resultat beslutade st&auml;mman att ingen utdelning skall utg&aring; f&ouml;r verksamhets&aring;ret 2012.<\/p>\n<p class=\"mfn-wp-retain\"><strong><em>Val av styrelse och revisorer<br \/><\/em><\/strong>Omval skedde av styrelseledam&ouml;terna Bengt Stillstr&ouml;m, Thomas Widstrand, Mats Egeholm och Susanna Hilleskog. Till ny ledamot av styrelsen valdes K&aring;re Wetterberg, som &auml;ven valdes till styrelseordf&ouml;rande. Ernst &amp; Young omvaldes som revisorer.<\/p>\n<p class=\"mfn-wp-retain\"><strong><em>Arvode<br \/><\/em><\/strong>&Aring;rsst&auml;mman fastst&auml;llde styrelsearvodet f&ouml;r 2013 enligt valberedningens f&ouml;rslag. Arvode utg&aring;r d&auml;rmed enligt f&ouml;ljande:<br \/>340 000 kr till styrelseordf&ouml;randen<br \/>125&nbsp;000 kr till envar &ouml;vrig st&auml;mmovald ledamot som inte &auml;r anst&auml;lld i koncernen<br \/>Ers&auml;ttnings- och revisionsutskotten inkluderas i styrelsens arbete och s&auml;rskilt arvode f&ouml;r dessa utg&aring;r ej.<br \/>Till ledam&ouml;ter och suppleanter utsedda av de anst&auml;llda utg&aring;r inget arvode.<\/p>\n<p class=\"mfn-wp-retain\">Ers&auml;ttning till revisor beslutades utg&aring; enligt godk&auml;nd r&auml;kning.<\/p>\n<p class=\"mfn-wp-retain\"><strong><em>Beslut om valberedning inf&ouml;r &aring;rsst&auml;mman 2014<br \/><\/em><\/strong>&Aring;rsst&auml;mman antog det av valberedningen framlagda f&ouml;rslaget till procedurfr&aring;gor f&ouml;r hur ny valberedning ska utses och om uppgifterna f&ouml;r valberedningen inf&ouml;r &aring;rsst&auml;mman 2014.<\/p>\n<p class=\"mfn-wp-retain\"><strong><em>Bemyndigande f&ouml;r styrelsen att besluta om nyemission f&ouml;r att finansiera eventuella f&ouml;rv&auml;rv<br \/><\/em><\/strong>&Aring;rsst&auml;mman beslutade bemyndiga styrelsen att, under tiden fram till n&auml;sta &aring;rsst&auml;mma, vid ett eller flera tillf&auml;llen, med eller utan f&ouml;retr&auml;desr&auml;tt f&ouml;r aktie&auml;garna, besluta om nyemission av h&ouml;gst 400 000 aktier, motsvarande sammanlagt cirka &aring;tta procent av aktiekapitalet. Beslutet om nyemission f&aring;r inneh&aring;lla best&auml;mmelser om att emitterade aktier f&aring;r beta&shy;las med apport, genom kvittning eller i &ouml;vrigt tecknas med villkor enligt 13 kap 5 &sect; f&ouml;rsta stycket 6 aktiebolagslagen. Styrelsen bemyndigas &auml;ven att i &ouml;vrigt best&auml;mma villkoren f&ouml;r nyemissionen.<\/p>\n<p class=\"mfn-wp-retain\">Syftet med bemyndigandet &auml;r att bolaget ska kunna emittera aktier som k&ouml;peskillingslikvid i sam&shy;band med f&ouml;rv&auml;rv av andra f&ouml;retag eller andelar av f&ouml;retag och\/eller tillg&aring;ngar, som styrelsen bed&ouml;&shy;mer vara av v&auml;rde f&ouml;r ProfilGruppen-koncernens verksamhet, eller f&ouml;r f&ouml;rst&auml;rkning av bolagets kapitalbas.<\/p>\n<p class=\"mfn-wp-retain\"><strong><em>Riktlinjer f&ouml;r ers&auml;ttning till ledande befattningshavare<br \/><\/em><\/strong>&Aring;rsst&auml;mman beslutade om riktlinjer f&ouml;r ers&auml;ttningar till ledande befattningshavare enligt styrelsens f&ouml;rslag. Inga v&auml;sentliga f&ouml;r&auml;ndringar av principerna j&auml;mf&ouml;rt med f&ouml;reg&aring;ende &aring;r beslutades.<\/p>\n<p class=\"mfn-wp-retain\"><strong>Protokoll fr&aring;n st&auml;mman<br \/><\/strong>Justerat protokoll fr&aring;n st&auml;mman kommer att publiceras p&aring; koncernens hemsida.<\/p>\n<p class=\"mfn-wp-retain\"><strong>Ekonomisk information<br \/><\/strong>Del&aring;rsrapport f&ouml;r det f&ouml;rsta kvartalet l&auml;mnas den 24 april 2013. Datum f&ouml;r ekonomisk information finns tillg&auml;ngliga p&aring; koncernens hemsida <span>www.profilgruppen.se\/koncern. <\/span><\/p>\n<p class=\"mfn-wp-retain\">Sammandrag av VDs anf&ouml;rande och justerat protokoll fr&aring;n &aring;rsst&auml;mman kommer att publiceras p&aring; bolagets hemsida, <a href=\"http:\/\/www.profilgruppen.se\/\" rel=\"nofollow\">www.profilgruppen.se\/koncern. <\/a><\/p>\n<p class=\"mfn-wp-retain\">&Aring;seda den 11 april 2013<\/p>\n<p class=\"mfn-wp-retain\">Styrelsen i ProfilGruppen AB (publ)<\/p>\n<p class=\"mfn-wp-retain\">Org.nr 556277-8943<\/p>\n<div class=\"mfn-footer\">\n<p class=\"mfn-wp-retain\"><span><strong><\/strong><\/span><\/p>\n<\/div>\n<div class=\"mfn-footer mfn-attachment mfn-attachment-general\">\n<p class=\"mfn-wp-retain\"><strong class=\"mfn-heading-1\">Bifogade filer<\/strong><\/p>\n<hr>\n<p class=\"mfn-wp-retain\"><a class=\"mfn-primary\" href=\"https:\/\/mb.cision.com\/Main\/2130\/9399617\/111984.pdf\" rel=\"noopener\" target=\"_blank\">Pressrelease Beslut fr&aring;n &aring;rsst&auml;mma ProfilGruppen AB<\/a><\/p>\n<\/div>\n<script>\n                Array.prototype.slice.call(document.querySelectorAll(\".mfn-footer.mfn-attachment\")).forEach(function (el) { el.remove() });\n            <\/script>\n        <div class=\"mfn-attachments-container\"><div class=\"mfn-attachment mfn-primary\"><a class=\"mfn-attachment-link\" href=\"https:\/\/storage.mfn.se\/proxy\/pressrelease-beslut-fran-arsstamma-profilgruppen-ab.pdf?url=https%3A%2F%2Fmb.cision.com%2FMain%2F2130%2F9399617%2F111984.pdf\"><span class=\"mfn-attachment-icon\"><img decoding=\"async\" src=\"https:\/\/storage.mfn.se\/proxy\/pressrelease-beslut-fran-arsstamma-profilgruppen-ab.pdf?url=https%3A%2F%2Fmb.cision.com%2FMain%2F2130%2F9399617%2F111984.pdf&type=jpg\"><\/span>Pressrelease Beslut fr\u00e5n \u00e5rsst\u00e4mma ProfilGruppen AB<\/a><\/div><\/div>","protected":false},"excerpt":{"rendered":"<p>Vid dagens &aring;rsst&auml;mma i Folkets Hus i &Aring;seda deltog cirka 110 aktie&auml;gare och g&auml;ster. St&auml;mman leddes av Eva F&auml;rnstrand. VD och Koncernchef Anders Frisinger sammanfattade fjol&aring;ret och &aring;tg&auml;rder under h&ouml;sten och vintern som genomf&ouml;rts sedan Anders tilltr&auml;de den 1 juli 2012. Anders gick &auml;ven igenom framtida fokusomr&aring;den och marknadssatsningar och gick avslutningsvis igenom marknads- och &#8230; <a title=\"Beslut fr\u00e5n \u00e5rsst\u00e4mma i ProfilGruppen AB\" class=\"read-more\" href=\"https:\/\/www.profilgruppen.se\/en\/pressmeddelanden\/beslut-fran-arsstamma-i-profilgruppen-ab-6\/\" aria-label=\"Read more about Beslut fr\u00e5n \u00e5rsst\u00e4mma i ProfilGruppen AB\">Read more<\/a><\/p>\n","protected":false},"template":"","mfn-news-tag":[81,82,44,58,43,52,84,46],"class_list":["post-1749","mfn_news","type-mfn_news","status-publish","hentry","mfn-news-tag-mfn-ci","mfn-news-tag-mfn-ci-gm","mfn-news-tag-mfn-type-ir","mfn-news-tag-mfn-regulatory-listing","mfn-news-tag-mfn","mfn-news-tag-mfn-regulatory","mfn-news-tag-mfn-ci-gm-info","mfn-news-tag-mfn-lang-sv"],"acf":[],"_links":{"self":[{"href":"https:\/\/www.profilgruppen.se\/en\/wp-json\/wp\/v2\/mfn_news\/1749","targetHints":{"allow":["GET"]}}],"collection":[{"href":"https:\/\/www.profilgruppen.se\/en\/wp-json\/wp\/v2\/mfn_news"}],"about":[{"href":"https:\/\/www.profilgruppen.se\/en\/wp-json\/wp\/v2\/types\/mfn_news"}],"wp:attachment":[{"href":"https:\/\/www.profilgruppen.se\/en\/wp-json\/wp\/v2\/media?parent=1749"}],"wp:term":[{"taxonomy":"mfn-news-tag","embeddable":true,"href":"https:\/\/www.profilgruppen.se\/en\/wp-json\/wp\/v2\/mfn-news-tag?post=1749"}],"curies":[{"name":"wp","href":"https:\/\/api.w.org\/{rel}","templated":true}]}}