{"id":1742,"date":"2013-10-10T15:00:00","date_gmt":"2013-10-10T13:00:00","guid":{"rendered":"https:\/\/www.profilgruppen.se\/mfn_news\/profilgruppen-forhandlar-om-tillfalligt-inforande-av-konjunkturanpassad-arbetstid\/"},"modified":"2013-10-10T15:00:00","modified_gmt":"2013-10-10T13:00:00","slug":"profilgruppen-forhandlar-om-tillfalligt-inforande-av-konjunkturanpassad-arbetstid","status":"publish","type":"mfn_news","link":"https:\/\/www.profilgruppen.se\/en\/pressmeddelanden\/profilgruppen-forhandlar-om-tillfalligt-inforande-av-konjunkturanpassad-arbetstid\/","title":{"rendered":"ProfilGruppen f\u00f6rhandlar om tillf\u00e4lligt inf\u00f6rande av konjunkturanpassad arbetstid"},"content":{"rendered":"<p class=\"mfn-wp-retain\"><span><strong>ProfilGruppen har inlett f&ouml;rhandlingar med ber&ouml;rda fackliga organisationer om konjunkturanpassad arbetstid.<\/strong><\/span><\/p>\n<p class=\"mfn-wp-retain\"><span>Avsikten &auml;r att minskning av arbetstiden ska g&auml;lla samtliga anst&auml;llda i Sverige. Den &auml;r t&auml;nkt att tr&auml;da i kraft s&aring; snart som m&ouml;jligt och g&auml;lla l&auml;ngst till &aring;rsskiftet. &Aring;tg&auml;rden &auml;r framkallad av fortsatt l&aring;g efterfr&aring;gan p&aring; den europeiska marknaden f&ouml;r aluminiumprofiler.<\/span><\/p>\n<p class=\"mfn-wp-retain\"><span><em>&rdquo;<\/em><em>Vi har under tredje kvartalet sett en fortsatt svag efterfr&aring;gan p&aring; profiler i Europa. D&aring; v&aring;ra tidigare aviserade &aring;tg&auml;rder p&aring; marknadssidan &auml;nnu inte gett full effekt m&aring;ste vi anpassa v&aring;r kapacitet och v&aring;ra kostnader till r&aring;dande efterfr&aring;gel&auml;ge.&rdquo; <\/em>s&auml;ger Anders Frisinger, VD och koncernchef f&ouml;r ProfilGruppen.<\/span><\/p>\n<p class=\"mfn-wp-retain\">\n<p class=\"mfn-wp-retain\">\n<div class=\"mfn-footer\">\n<p class=\"mfn-wp-retain\">___________________________________________<\/p>\n<p class=\"mfn-wp-retain\"><span><strong>F&ouml;r mer information, v&auml;nligen kontakta: <br \/><\/strong>Anders Frisinger, VD och Koncernchef&nbsp;&nbsp;&nbsp;&nbsp;&nbsp;&nbsp;&nbsp;&nbsp;&nbsp;&nbsp;&nbsp;&nbsp;&nbsp;&nbsp;&nbsp;&nbsp;&nbsp;&nbsp;&nbsp;&nbsp;&nbsp;&nbsp;&nbsp;&nbsp; <br \/><\/span><span>Mobil 070-585 12 38&nbsp;&nbsp;&nbsp;&nbsp;&nbsp;&nbsp;&nbsp;&nbsp;&nbsp;&nbsp;&nbsp;&nbsp;&nbsp;&nbsp;&nbsp;&nbsp;&nbsp;&nbsp;&nbsp;&nbsp;&nbsp;&nbsp;&nbsp;&nbsp;&nbsp;&nbsp;&nbsp;&nbsp;&nbsp;&nbsp;&nbsp;&nbsp;&nbsp;&nbsp;&nbsp;&nbsp;&nbsp;&nbsp;&nbsp;&nbsp;&nbsp;&nbsp;&nbsp;&nbsp;&nbsp;&nbsp;&nbsp;&nbsp;&nbsp;&nbsp;&nbsp;&nbsp;&nbsp;&nbsp;&nbsp;&nbsp;&nbsp;&nbsp; <br \/><\/span><span>E-post: anders.frisinger@profilgruppen.se&nbsp;&nbsp;&nbsp;&nbsp;&nbsp;<\/span><\/p>\n<p class=\"mfn-wp-retain\">\n<p class=\"mfn-wp-retain\"><strong><span>www.profilgruppen.se&nbsp;<\/span><\/strong><span>&nbsp;&nbsp;&nbsp;&nbsp;&nbsp;&nbsp;&nbsp;&nbsp;<\/span><\/p>\n<\/div>\n<div class=\"mfn-footer mfn-attachment mfn-attachment-general\">\n<p class=\"mfn-wp-retain\"><strong class=\"mfn-heading-1\">Bifogade filer<\/strong><\/p>\n<hr>\n<p class=\"mfn-wp-retain\"><a class=\"mfn-primary\" href=\"https:\/\/mb.cision.com\/Main\/2130\/9479890\/170052.pdf\" rel=\"noopener\" target=\"_blank\">Pressrelease fr&aring;n ProfilGruppen AB 131010<\/a><\/p>\n<\/div>\n<script>\n                Array.prototype.slice.call(document.querySelectorAll(\".mfn-footer.mfn-attachment\")).forEach(function (el) { el.remove() });\n            <\/script>\n        <div class=\"mfn-attachments-container\"><div class=\"mfn-attachment mfn-primary\"><a class=\"mfn-attachment-link\" href=\"https:\/\/storage.mfn.se\/proxy\/pressrelease-fran-profilgruppen-ab-131010.pdf?url=https%3A%2F%2Fmb.cision.com%2FMain%2F2130%2F9479890%2F170052.pdf\"><span class=\"mfn-attachment-icon\"><img decoding=\"async\" src=\"https:\/\/storage.mfn.se\/proxy\/pressrelease-fran-profilgruppen-ab-131010.pdf?url=https%3A%2F%2Fmb.cision.com%2FMain%2F2130%2F9479890%2F170052.pdf&type=jpg\"><\/span>Pressrelease fr\u00e5n ProfilGruppen AB 131010<\/a><\/div><\/div>","protected":false},"excerpt":{"rendered":"<p>ProfilGruppen har inlett f&ouml;rhandlingar med ber&ouml;rda fackliga organisationer om konjunkturanpassad arbetstid. Avsikten &auml;r att minskning av arbetstiden ska g&auml;lla samtliga anst&auml;llda i Sverige. Den &auml;r t&auml;nkt att tr&auml;da i kraft s&aring; snart som m&ouml;jligt och g&auml;lla l&auml;ngst till &aring;rsskiftet. &Aring;tg&auml;rden &auml;r framkallad av fortsatt l&aring;g efterfr&aring;gan p&aring; den europeiska marknaden f&ouml;r aluminiumprofiler. &rdquo;Vi har under &#8230; <a title=\"ProfilGruppen f\u00f6rhandlar om tillf\u00e4lligt inf\u00f6rande av konjunkturanpassad arbetstid\" class=\"read-more\" href=\"https:\/\/www.profilgruppen.se\/en\/pressmeddelanden\/profilgruppen-forhandlar-om-tillfalligt-inforande-av-konjunkturanpassad-arbetstid\/\" aria-label=\"Read more about ProfilGruppen f\u00f6rhandlar om tillf\u00e4lligt inf\u00f6rande av konjunkturanpassad arbetstid\">Read more<\/a><\/p>\n","protected":false},"template":"","mfn-news-tag":[81,44,43,85,46],"class_list":["post-1742","mfn_news","type-mfn_news","status-publish","hentry","mfn-news-tag-mfn-ci","mfn-news-tag-mfn-type-ir","mfn-news-tag-mfn","mfn-news-tag-mfn-ci-other","mfn-news-tag-mfn-lang-sv"],"acf":[],"_links":{"self":[{"href":"https:\/\/www.profilgruppen.se\/en\/wp-json\/wp\/v2\/mfn_news\/1742","targetHints":{"allow":["GET"]}}],"collection":[{"href":"https:\/\/www.profilgruppen.se\/en\/wp-json\/wp\/v2\/mfn_news"}],"about":[{"href":"https:\/\/www.profilgruppen.se\/en\/wp-json\/wp\/v2\/types\/mfn_news"}],"wp:attachment":[{"href":"https:\/\/www.profilgruppen.se\/en\/wp-json\/wp\/v2\/media?parent=1742"}],"wp:term":[{"taxonomy":"mfn-news-tag","embeddable":true,"href":"https:\/\/www.profilgruppen.se\/en\/wp-json\/wp\/v2\/mfn-news-tag?post=1742"}],"curies":[{"name":"wp","href":"https:\/\/api.w.org\/{rel}","templated":true}]}}