{"id":1728,"date":"2014-04-10T19:30:00","date_gmt":"2014-04-10T17:30:00","guid":{"rendered":"https:\/\/www.profilgruppen.se\/mfn_news\/beslut-fran-arsstamma-i-profilgruppen-ab-5\/"},"modified":"2014-04-10T19:30:00","modified_gmt":"2014-04-10T17:30:00","slug":"beslut-fran-arsstamma-i-profilgruppen-ab-5","status":"publish","type":"mfn_news","link":"https:\/\/www.profilgruppen.se\/en\/pressmeddelanden\/beslut-fran-arsstamma-i-profilgruppen-ab-5\/","title":{"rendered":"Beslut fr\u00e5n \u00e5rsst\u00e4mma i ProfilGruppen AB"},"content":{"rendered":"<p class=\"mfn-wp-retain\"><span><strong>Vid dagens &aring;rsst&auml;mma i Folkets Hus i &Aring;seda deltog cirka 110 aktie&auml;gare och g&auml;ster. St&auml;mman leddes av Bengt Stillstr&ouml;m.<\/strong><\/span><\/p>\n<p><span>Tillf&ouml;rordnad VD och Koncernchef K&aring;re Wetterberg sammanfattade fjol&aring;rets h&auml;ndelser och satsningar. K&aring;re informerade om marknaden f&ouml;r aluminiumprofiler, b&aring;de i Europa och Sverige samt satsningar som g&ouml;rs i produktionen och f&ouml;r att &ouml;ka ProfilGruppens marknadsn&auml;rvaro. Avslutningsvis gick K&aring;re igenom den finansiella utvecklingen under &aring;ret som g&aring;tt.<\/span><\/p>\n<p class=\"mfn-wp-retain\"><span><strong>Beslut fr&aring;n st&auml;mman<\/strong><\/span><\/p>\n<p class=\"mfn-wp-retain\"><span>Resultatr&auml;kningen och balansr&auml;kningen samt koncernresultatr&auml;kningen och koncernbalans-r&auml;kningen f&ouml;r 2013 fastst&auml;lldes.<\/span><\/p>\n<p class=\"mfn-wp-retain\"><span><strong><em>Utdelning<br \/><\/em><\/strong><\/span><span>Mot bakgrund av koncernens operativa resultat beslutade st&auml;mman att ingen utdelning skall utg&aring; f&ouml;r verksamhets&aring;ret 2013.<\/span><\/p>\n<p class=\"mfn-wp-retain\"><span><strong><em>Val av styrelse och revisor<br \/><\/em><\/strong>Omval skedde av styrelseledam&ouml;terna Bengt Stillstr&ouml;m, Thomas Widstrand, Mats Egeholm, Susanna Hilleskog och K&aring;re Wetterberg. Bengt Stillstr&ouml;m valdes till styrelseordf&ouml;rande fram till dess ny VD har tilltr&auml;tt, d&auml;refter beslutades det att K&aring;re Wetterberg &aring;terg&aring;r som styrelsens ordf&ouml;rande. Bolagets revisor, Ernst &amp; Young AB, med Johan Thuresson som huvudansvarig revisor, omvaldes f&ouml;r tiden till slutet av &aring;rsst&auml;mman 2015.<\/span><\/p>\n<p class=\"mfn-wp-retain\"><span><strong><em>Arvode <br \/><\/em><\/strong><\/span><span>&Aring;rsst&auml;mman fastst&auml;llde styrelsearvodet f&ouml;r 2014 enligt valberedningens f&ouml;rslag. Arvode utg&aring;r d&auml;rmed enligt f&ouml;ljande:<br \/><\/span><span>340 000 kr till styrelseordf&ouml;randen <br \/><\/span><span>125&nbsp;000 kr till envar &ouml;vrig st&auml;mmovald ledamot som inte &auml;r anst&auml;lld i koncernen. <br \/><\/span><span>Ers&auml;ttnings- och revisionsutskotten inkluderas i styrelsens arbete och s&auml;rskilt arvode f&ouml;r dessa<\/span><br \/><span> utg&aring;r ej. Till ledam&ouml;ter och suppleanter utsedda av de anst&auml;llda utg&aring;r inget arvode.<\/span><\/p>\n<p class=\"mfn-wp-retain\"><span>Ers&auml;ttning till revisor beslutades utg&aring; enligt godk&auml;nd r&auml;kning.<\/span><\/p>\n<p class=\"mfn-wp-retain\"><span><strong><em>Beslut om valberedning inf&ouml;r &aring;rsst&auml;mman 2015 <br \/><\/em><\/strong><\/span><span>&Aring;rsst&auml;mman antog det av valberedningen framlagda f&ouml;rslaget till procedurfr&aring;gor f&ouml;r hur ny valberedning ska utses och om uppgifterna f&ouml;r valberedningen inf&ouml;r &aring;rsst&auml;mman 2015.<\/span><\/p>\n<p class=\"mfn-wp-retain\"><span><strong><em>Riktlinjer f&ouml;r ers&auml;ttning till ledande befattningshavare <br \/><\/em><\/strong><\/span><span>&Aring;rsst&auml;mman beslutade om riktlinjer f&ouml;r ers&auml;ttningar till ledande befattningshavare enligt styrelsens f&ouml;rslag. Inga v&auml;sentliga f&ouml;r&auml;ndringar av principerna j&auml;mf&ouml;rt med f&ouml;reg&aring;ende &aring;r beslutades.<\/span><\/p>\n<p class=\"mfn-wp-retain\"><span><strong>Protokoll fr&aring;n st&auml;mman <br \/><\/strong><\/span><span>Justerat protokoll fr&aring;n st&auml;mman kommer att publiceras p&aring; koncernens hemsida.<\/span><\/p>\n<p class=\"mfn-wp-retain\"><span><strong>Ekonomisk information <br \/><\/strong><\/span><span>Del&aring;rsrapport f&ouml;r det f&ouml;rsta kvartalet l&auml;mnas den 23 april 2014 klockan 08.00. Datum f&ouml;r kommande ekonomisk information finns tillg&auml;ngliga p&aring; koncernens hemsida <span>www.profilgruppen.se\/koncern. <\/span><\/span><\/p>\n<p class=\"mfn-wp-retain\"><span>Sammandrag av VDs anf&ouml;rande och justerat protokoll fr&aring;n &aring;rsst&auml;mman kommer att publiceras p&aring; bolagets hemsida, <a href=\"http:\/\/www.profilgruppen.se\" rel=\"nofollow\">www.profilgruppen.se\/koncern. <\/a><\/span><\/p>\n<p class=\"mfn-wp-retain\"><span>&Aring;seda den 10 april 2014<\/span><\/p>\n<p class=\"mfn-wp-retain\"><span>Styrelsen i ProfilGruppen AB (publ)<\/span><\/p>\n<p class=\"mfn-wp-retain\"><span>Org.nr 556277-8943<\/span><\/p>\n<div class=\"mfn-footer\">\n<p class=\"mfn-wp-retain\">__________________________________<\/p>\n<p class=\"mfn-wp-retain\"><span><strong>F&ouml;r ytterligare information kontakta:<\/strong><\/span><\/p>\n<p class=\"mfn-wp-retain\"><span>K&aring;re Wetterberg, tf VD och koncernchef 070-656 40 14 <\/span><br \/><span>Bengt Stillstr&ouml;m, Styrelseordf&ouml;rande 070-440 40 99<\/span><\/p>\n<\/div>\n<div class=\"mfn-footer mfn-attachment mfn-attachment-general\">\n<p class=\"mfn-wp-retain\"><strong class=\"mfn-heading-1\">Bifogade filer<\/strong><\/p>\n<hr>\n<p class=\"mfn-wp-retain\"><a class=\"mfn-primary\" href=\"https:\/\/mb.cision.com\/Main\/2130\/9567786\/232300.pdf\" rel=\"noopener\" target=\"_blank\">Beslut fr&aring;n ProfilGruppens &aring;rsst&auml;mma 2014<\/a><\/p>\n<\/div>\n<script>\n                Array.prototype.slice.call(document.querySelectorAll(\".mfn-footer.mfn-attachment\")).forEach(function (el) { el.remove() });\n            <\/script>\n        <div class=\"mfn-attachments-container\"><div class=\"mfn-attachment mfn-primary\"><a class=\"mfn-attachment-link\" href=\"https:\/\/storage.mfn.se\/proxy\/beslut-fran-profilgruppens-arsstamma-2014.pdf?url=https%3A%2F%2Fmb.cision.com%2FMain%2F2130%2F9567786%2F232300.pdf\"><span class=\"mfn-attachment-icon\"><img decoding=\"async\" src=\"https:\/\/storage.mfn.se\/proxy\/beslut-fran-profilgruppens-arsstamma-2014.pdf?url=https%3A%2F%2Fmb.cision.com%2FMain%2F2130%2F9567786%2F232300.pdf&type=jpg\"><\/span>Beslut fr\u00e5n ProfilGruppens \u00e5rsst\u00e4mma 2014<\/a><\/div><\/div>","protected":false},"excerpt":{"rendered":"<p>Vid dagens &aring;rsst&auml;mma i Folkets Hus i &Aring;seda deltog cirka 110 aktie&auml;gare och g&auml;ster. St&auml;mman leddes av Bengt Stillstr&ouml;m. Tillf&ouml;rordnad VD och Koncernchef K&aring;re Wetterberg sammanfattade fjol&aring;rets h&auml;ndelser och satsningar. K&aring;re informerade om marknaden f&ouml;r aluminiumprofiler, b&aring;de i Europa och Sverige samt satsningar som g&ouml;rs i produktionen och f&ouml;r att &ouml;ka ProfilGruppens marknadsn&auml;rvaro. Avslutningsvis gick &#8230; <a title=\"Beslut fr\u00e5n \u00e5rsst\u00e4mma i ProfilGruppen AB\" class=\"read-more\" href=\"https:\/\/www.profilgruppen.se\/en\/pressmeddelanden\/beslut-fran-arsstamma-i-profilgruppen-ab-5\/\" aria-label=\"Read more about Beslut fr\u00e5n \u00e5rsst\u00e4mma i ProfilGruppen AB\">Read more<\/a><\/p>\n","protected":false},"template":"","mfn-news-tag":[81,82,44,58,43,52,84,46],"class_list":["post-1728","mfn_news","type-mfn_news","status-publish","hentry","mfn-news-tag-mfn-ci","mfn-news-tag-mfn-ci-gm","mfn-news-tag-mfn-type-ir","mfn-news-tag-mfn-regulatory-listing","mfn-news-tag-mfn","mfn-news-tag-mfn-regulatory","mfn-news-tag-mfn-ci-gm-info","mfn-news-tag-mfn-lang-sv"],"acf":[],"_links":{"self":[{"href":"https:\/\/www.profilgruppen.se\/en\/wp-json\/wp\/v2\/mfn_news\/1728","targetHints":{"allow":["GET"]}}],"collection":[{"href":"https:\/\/www.profilgruppen.se\/en\/wp-json\/wp\/v2\/mfn_news"}],"about":[{"href":"https:\/\/www.profilgruppen.se\/en\/wp-json\/wp\/v2\/types\/mfn_news"}],"wp:attachment":[{"href":"https:\/\/www.profilgruppen.se\/en\/wp-json\/wp\/v2\/media?parent=1728"}],"wp:term":[{"taxonomy":"mfn-news-tag","embeddable":true,"href":"https:\/\/www.profilgruppen.se\/en\/wp-json\/wp\/v2\/mfn-news-tag?post=1728"}],"curies":[{"name":"wp","href":"https:\/\/api.w.org\/{rel}","templated":true}]}}