{"id":1714,"date":"2014-06-13T13:00:00","date_gmt":"2014-06-13T11:00:00","guid":{"rendered":"https:\/\/www.profilgruppen.se\/mfn_news\/profilgruppen-offentliggor-prospekt-for-foretradesemissionen\/"},"modified":"2014-06-13T13:00:00","modified_gmt":"2014-06-13T11:00:00","slug":"profilgruppen-offentliggor-prospekt-for-foretradesemissionen","status":"publish","type":"mfn_news","link":"https:\/\/www.profilgruppen.se\/en\/pressmeddelanden\/profilgruppen-offentliggor-prospekt-for-foretradesemissionen\/","title":{"rendered":"ProfilGruppen offentligg\u00f6r prospekt f\u00f6r f\u00f6retr\u00e4desemissionen"},"content":{"rendered":"<p class=\"mfn-wp-retain\"><em><span>Detta pressmeddelande f&aring;r inte offentligg&ouml;ras, publiceras eller distribueras, direkt eller indirekt inom eller till USA, Australien, Hongkong, Kanada eller Singapore eller i n&aring;gon annan jurisdiktion d&auml;r distributionen av detta pressmeddelande skulle vara f&ouml;rem&aring;l f&ouml;r legala restriktioner.<\/span><\/em><\/p>\n<p class=\"mfn-wp-retain\">Prospekt avseende f&ouml;retr&auml;desemissionen i ProfilGruppen AB (publ) har godk&auml;nts och registrerats av Finansinspektionen och finns nu tillg&auml;ngligt p&aring; bolagets hemsida, <a href=\"http:\/\/www.profilgruppen.se\/koncern\" rel=\"nofollow\">www.profilgruppen.se\/koncern<\/a> fliken Investerare, samt p&aring; Remiums hemsida <a href=\"http:\/\/www.remium.com\" rel=\"nofollow\">www.remium.com<\/a>.<\/p>\n<p class=\"mfn-wp-retain\">Direktregistrerade aktie&auml;gare kommer att tills&auml;ndas informationsbroschyr och f&ouml;rtryckt emissionsredovisning.<\/p>\n<p class=\"mfn-wp-retain\">Tryckta prospekt och anm&auml;lningssedlar kan kostnadsfritt best&auml;llas via e-post; <a href=\"mailto:emissioner@remium.com\" rel=\"nofollow\">emissioner@remium.com<\/a> eller per post p&aring; adress Remium Nordic AB, Att: ProfilGruppen, Kungsgatan 12-14, 111 35 Stockholm.<\/p>\n<p class=\"mfn-wp-retain\"><strong>Tidplan f&ouml;r nyemissionen <br \/><\/strong>17 juni 2014&nbsp;&nbsp;&nbsp;&nbsp;&nbsp;&nbsp;&nbsp;&nbsp;&nbsp;&nbsp;&nbsp;&nbsp;&nbsp;&nbsp;&nbsp;&nbsp;&nbsp; Avst&auml;mningsdag f&ouml;r deltagande i f&ouml;retr&auml;desemissionen<\/p>\n<p class=\"mfn-wp-retain\">19 juni &ndash; 30 juni &nbsp;&nbsp;&nbsp;&nbsp;&nbsp;&nbsp;&nbsp;&nbsp;&nbsp;&nbsp; Handel med teckningsr&auml;tter<\/p>\n<p class=\"mfn-wp-retain\">19 juni &ndash; 3 juli&nbsp;&nbsp;&nbsp;&nbsp;&nbsp;&nbsp;&nbsp;&nbsp;&nbsp;&nbsp;&nbsp;&nbsp;&nbsp;&nbsp; Teckningsperiod<\/p>\n<p class=\"mfn-wp-retain\"><strong><span>Viktig information <br \/><\/span><\/strong><span>Informationen i detta pressmeddelande utg&ouml;r inte ett erbjudande att f&ouml;rv&auml;rva, teckna eller p&aring; annat s&auml;tt handla med aktier, teckningsr&auml;tter eller andra v&auml;rdepapper i ProfilGruppen. Inbjudan till ber&ouml;rda personer att teckna aktier i ProfilGruppen kommer endast att ske genom det prospekt som ProfilGruppen offentliggjort den 13 juni 2014.<\/span><\/p>\n<p class=\"mfn-wp-retain\"><span>Detta pressmeddelande f&aring;r inte offentligg&ouml;ras, publiceras eller distribueras, vare sig direkt eller indirekt, i eller till USA, Australien, Hongkong, Kanada eller Singapore eller annan jurisdiktion d&auml;r s&aring;dan &aring;tg&auml;rd helt eller delvis &auml;r f&ouml;rem&aring;l f&ouml;r legala restriktioner, eller skulle kr&auml;va ytterligare prospekt, registrering eller andra &aring;tg&auml;rder &auml;n vad som f&ouml;ljer av svensk r&auml;tt. Informationen i detta pressmeddelande f&aring;r inte heller vidarebefordras eller reproduceras p&aring; s&auml;tt som st&aring;r i strid med s&aring;dana restriktioner eller skulle inneb&auml;ra s&aring;dana krav. &Aring;tg&auml;rder i strid med denna anvisning kan utg&ouml;ra brott mot till&auml;mplig v&auml;rdepapperslagstiftning.<\/span><\/p>\n<p class=\"mfn-wp-retain\"><span>Inga teckningsr&auml;tter, betalda tecknade aktier eller aktier har registrerats, och kommer inte att registreras, enligt United States Securities Act fr&aring;n 1933 (&rdquo;Securities Act&rdquo;) eller v&auml;rdepapperslagstiftningen i n&aring;gon delstat eller annan jurisdiktion i USA och f&aring;r inte erbjudas, tecknas, s&auml;ljas eller &ouml;verf&ouml;ras, direkt eller indirekt, inom USA, f&ouml;rutom enligt ett till&auml;mpligt undantag fr&aring;n registreringskraven i Securities Act och i enlighet med v&auml;rdepapperslagstiftningen i relevant delstat eller annan jurisdiktion i USA.<\/span><\/p>\n<p class=\"mfn-wp-retain\">\n<div class=\"mfn-footer\">\n<p class=\"mfn-wp-retain\">______________________________________________<\/p>\n<p class=\"mfn-wp-retain\"><span><strong>F&ouml;r mer information, v&auml;nligen kontakta:&nbsp; <br \/><\/strong><\/span><span>K&aring;re Wetterberg, tf VD och Koncernchef&nbsp;&nbsp;&nbsp;&nbsp;&nbsp;&nbsp;&nbsp;&nbsp;&nbsp;&nbsp;&nbsp;<br \/>M<\/span><span>obil 070-656 40 14&nbsp;&nbsp;&nbsp;&nbsp;&nbsp;&nbsp;&nbsp;&nbsp;&nbsp;&nbsp;&nbsp;&nbsp;&nbsp;&nbsp;&nbsp;&nbsp;&nbsp;&nbsp;&nbsp;&nbsp;&nbsp;&nbsp;&nbsp;&nbsp;<br \/><\/span><span>E-post: kare.wetterberg@profilgruppen.se&nbsp;&nbsp;&nbsp;&nbsp;&nbsp;&nbsp;&nbsp;&nbsp;<\/span><\/p>\n<p class=\"mfn-wp-retain\"><span>Peter Sch&ouml;n, Finanschef <br \/><\/span><span>Mobil 070-339 89 99 <br \/><\/span><span>E-post: peter.schon@profilgruppen<\/span>.se<\/p>\n<\/div>\n<div class=\"mfn-footer mfn-attachment mfn-attachment-general\">\n<p class=\"mfn-wp-retain\"><strong class=\"mfn-heading-1\">Bifogade filer<\/strong><\/p>\n<hr>\n<p class=\"mfn-wp-retain\"><a class=\"mfn-primary\" href=\"https:\/\/mb.cision.com\/Main\/2130\/9601371\/256379.pdf\" rel=\"noopener\" target=\"_blank\">Pressrelease offentligg&ouml;rande av prospekt<\/a><\/p>\n<\/div>\n<script>\n                Array.prototype.slice.call(document.querySelectorAll(\".mfn-footer.mfn-attachment\")).forEach(function (el) { el.remove() });\n            <\/script>\n        <div class=\"mfn-attachments-container\"><div class=\"mfn-attachment mfn-primary\"><a class=\"mfn-attachment-link\" href=\"https:\/\/storage.mfn.se\/proxy\/pressrelease-offentliggorande-av-prospekt.pdf?url=https%3A%2F%2Fmb.cision.com%2FMain%2F2130%2F9601371%2F256379.pdf\"><span class=\"mfn-attachment-icon\"><img decoding=\"async\" src=\"https:\/\/storage.mfn.se\/proxy\/pressrelease-offentliggorande-av-prospekt.pdf?url=https%3A%2F%2Fmb.cision.com%2FMain%2F2130%2F9601371%2F256379.pdf&type=jpg\"><\/span>Pressrelease offentligg\u00f6rande av prospekt<\/a><\/div><\/div>","protected":false},"excerpt":{"rendered":"<p>Detta pressmeddelande f&aring;r inte offentligg&ouml;ras, publiceras eller distribueras, direkt eller indirekt inom eller till USA, Australien, Hongkong, Kanada eller Singapore eller i n&aring;gon annan jurisdiktion d&auml;r distributionen av detta pressmeddelande skulle vara f&ouml;rem&aring;l f&ouml;r legala restriktioner. Prospekt avseende f&ouml;retr&auml;desemissionen i ProfilGruppen AB (publ) har godk&auml;nts och registrerats av Finansinspektionen och finns nu tillg&auml;ngligt p&aring; bolagets &#8230; <a title=\"ProfilGruppen offentligg\u00f6r prospekt f\u00f6r f\u00f6retr\u00e4desemissionen\" class=\"read-more\" href=\"https:\/\/www.profilgruppen.se\/en\/pressmeddelanden\/profilgruppen-offentliggor-prospekt-for-foretradesemissionen\/\" aria-label=\"Read more about ProfilGruppen offentligg\u00f6r prospekt f\u00f6r f\u00f6retr\u00e4desemissionen\">Read more<\/a><\/p>\n","protected":false},"template":"","mfn-news-tag":[66,44,43,70,52,46,54],"class_list":["post-1714","mfn_news","type-mfn_news","status-publish","hentry","mfn-news-tag-mfn-ca","mfn-news-tag-mfn-type-ir","mfn-news-tag-mfn","mfn-news-tag-mfn-ca-prospectus","mfn-news-tag-mfn-regulatory","mfn-news-tag-mfn-lang-sv","mfn-news-tag-mfn-regulatory-vpml"],"acf":[],"_links":{"self":[{"href":"https:\/\/www.profilgruppen.se\/en\/wp-json\/wp\/v2\/mfn_news\/1714","targetHints":{"allow":["GET"]}}],"collection":[{"href":"https:\/\/www.profilgruppen.se\/en\/wp-json\/wp\/v2\/mfn_news"}],"about":[{"href":"https:\/\/www.profilgruppen.se\/en\/wp-json\/wp\/v2\/types\/mfn_news"}],"wp:attachment":[{"href":"https:\/\/www.profilgruppen.se\/en\/wp-json\/wp\/v2\/media?parent=1714"}],"wp:term":[{"taxonomy":"mfn-news-tag","embeddable":true,"href":"https:\/\/www.profilgruppen.se\/en\/wp-json\/wp\/v2\/mfn-news-tag?post=1714"}],"curies":[{"name":"wp","href":"https:\/\/api.w.org\/{rel}","templated":true}]}}