{"id":1672,"date":"2016-04-19T19:30:00","date_gmt":"2016-04-19T17:30:00","guid":{"rendered":"https:\/\/www.profilgruppen.se\/mfn_news\/beslut-fran-arsstamma-i-profilgruppen-ab-3\/"},"modified":"2016-04-19T19:30:00","modified_gmt":"2016-04-19T17:30:00","slug":"beslut-fran-arsstamma-i-profilgruppen-ab-3","status":"publish","type":"mfn_news","link":"https:\/\/www.profilgruppen.se\/en\/pressmeddelanden\/beslut-fran-arsstamma-i-profilgruppen-ab-3\/","title":{"rendered":"Beslut fr\u00e5n \u00e5rsst\u00e4mma i ProfilGruppen AB"},"content":{"rendered":"<p class=\"mfn-wp-retain\">\n<p class=\"mfn-wp-retain\"><span><strong>Vid dagens &aring;rsst&auml;mma i Folkets Hus i &Aring;seda deltog cirka 120 aktie&auml;gare och g&auml;ster. St&auml;mman leddes av K&aring;re Wetterberg.<\/strong><\/p>\n<p> VD och Koncernchef Per Thorsell sammanfattade aktiviteter och framg&aring;ngar under 2015. Han informerade om marknaden f&ouml;r aluminiumprofiler, i Sverige och &ouml;vriga Europa. Han gav exempel p&aring; nya kunder och vad som g&ouml;rs f&ouml;r att utveckla ProfilGruppen fram&aring;t. Avslutningsvis gick Per igenom den finansiella utvecklingen under &aring;ret som g&aring;tt.<\/span><\/p>\n<p class=\"mfn-wp-retain\">\n<p class=\"mfn-wp-retain\"><span><strong>Beslut fr&aring;n st&auml;mman<\/strong><\/span><\/p>\n<p class=\"mfn-wp-retain\">\n<p class=\"mfn-wp-retain\"><span>Resultatr&auml;kningen och balansr&auml;kningen samt koncernresultatr&auml;kningen och koncernbalans-r&auml;kningen f&ouml;r 2015 fastst&auml;lldes.<\/span><\/p>\n<p class=\"mfn-wp-retain\">\n<p class=\"mfn-wp-retain\"><span><strong><em>Utdelning<\/em><\/strong><\/span><\/p>\n<p class=\"mfn-wp-retain\">\n<p class=\"mfn-wp-retain\"><span>Mot bakgrund av koncernens svaga resultat beslutade st&auml;mman att ingen utdelning skall utg&aring; f&ouml;r verksamhets&aring;ret 2015.<\/span><\/p>\n<p class=\"mfn-wp-retain\">\n<p class=\"mfn-wp-retain\"><span><strong><em>Val av styrelse och revisor<br \/> <\/em><\/strong>Omval skedde av styrelseledam&ouml;terna Bengt Stillstr&ouml;m, Thomas Widstrand, Mats Egeholm, Susanna Hilleskog och K&aring;re Wetterberg. K&aring;re Wetterberg valdes till styrelseordf&ouml;rande. Bolagets revisor, Ernst &amp; Young AB omvaldes f&ouml;r det kommande &aring;ret, med Franz Lindstr&ouml;m som huvudansvarig revisor.<\/span><\/p>\n<p class=\"mfn-wp-retain\">\n<p class=\"mfn-wp-retain\"><span><strong><em>Arvode<\/em><\/strong><\/span><\/p>\n<p class=\"mfn-wp-retain\">\n<p class=\"mfn-wp-retain\"><span>&Aring;rsst&auml;mman fastst&auml;llde styrelsearvodet f&ouml;r 2016 enligt valberedningens f&ouml;rslag. Arvode utg&aring;r d&auml;rmed enligt f&ouml;ljande:<\/span><\/p>\n<p class=\"mfn-wp-retain\">\n<p class=\"mfn-wp-retain\"><span>340 000 kr till styrelseordf&ouml;randen<\/span><\/p>\n<p class=\"mfn-wp-retain\">\n<p class=\"mfn-wp-retain\"><span>125&nbsp;000 kr till envar &ouml;vrig st&auml;mmovald ledamot som inte &auml;r anst&auml;lld i koncernen.<\/span><\/p>\n<p class=\"mfn-wp-retain\">\n<p class=\"mfn-wp-retain\"><span>Ers&auml;ttnings- och revisionsutskotten inkluderas i styrelsens arbete och s&auml;rskilt arvode f&ouml;r dessa <br \/> utg&aring;r ej. Till ledam&ouml;ter och suppleanter utsedda av de anst&auml;llda utg&aring;r inget arvode.<\/span><\/p>\n<p class=\"mfn-wp-retain\">\n<p class=\"mfn-wp-retain\"><span>Ers&auml;ttning till revisor beslutades utg&aring; enligt godk&auml;nd r&auml;kning.<\/span><\/p>\n<p class=\"mfn-wp-retain\">\n<p class=\"mfn-wp-retain\"><span><strong><em>Beslut om valberedning inf&ouml;r &aring;rsst&auml;mman 2017<\/em><\/strong><\/span><\/p>\n<p class=\"mfn-wp-retain\">\n<p class=\"mfn-wp-retain\"><span>&Aring;rsst&auml;mman antog det av valberedningen framlagda f&ouml;rslaget till procedurfr&aring;gor f&ouml;r hur ny valberedning ska utses och om uppgifterna f&ouml;r valberedningen inf&ouml;r &aring;rsst&auml;mman 2017.<\/span><\/p>\n<p class=\"mfn-wp-retain\">\n<p class=\"mfn-wp-retain\"><span><strong><em>Riktlinjer f&ouml;r ers&auml;ttning till ledande befattningshavare<\/em><\/strong><\/span><\/p>\n<p class=\"mfn-wp-retain\">\n<p class=\"mfn-wp-retain\"><span>&Aring;rsst&auml;mman beslutade om riktlinjer f&ouml;r ers&auml;ttningar till ledande befattningshavare enligt styrelsens f&ouml;rslag. Inga v&auml;sentliga f&ouml;r&auml;ndringar av principerna j&auml;mf&ouml;rt med f&ouml;reg&aring;ende &aring;r beslutades.<\/span><\/p>\n<p class=\"mfn-wp-retain\"><span><strong>Protokoll fr&aring;n st&auml;mman<\/strong><\/span><\/p>\n<p class=\"mfn-wp-retain\">\n<p class=\"mfn-wp-retain\"><span>Justerat protokoll fr&aring;n st&auml;mman kommer att publiceras p&aring; koncernens hemsida.<\/span><\/p>\n<p class=\"mfn-wp-retain\">\n<p class=\"mfn-wp-retain\"><span><strong>Ekonomisk information<\/strong><\/span><\/p>\n<p class=\"mfn-wp-retain\">\n<p class=\"mfn-wp-retain\"><span>Del&aring;rsrapport f&ouml;r det andra kvartalet l&auml;mnas den 21 juli 2016 klockan 08.00. Datum f&ouml;r kommande ekonomisk information finns tillg&auml;ngliga p&aring; koncernens hemsida.<\/span><\/p>\n<p class=\"mfn-wp-retain\">\n<p class=\"mfn-wp-retain\"><span>Sammandrag av VD:s anf&ouml;rande och justerat protokoll fr&aring;n &aring;rsst&auml;mman kommer att publiceras p&aring; bolagets hemsida.<strong><\/strong><\/span><\/p>\n<p class=\"mfn-wp-retain\">\n<p class=\"mfn-wp-retain\"><span>&Aring;seda den 19 april 2016<\/span><\/p>\n<p class=\"mfn-wp-retain\">\n<p class=\"mfn-wp-retain\">Styrelsen i ProfilGruppen AB (publ)<\/p>\n<p class=\"mfn-wp-retain\">\n<p class=\"mfn-wp-retain\"><span>Org.nr 556277-8943<\/span><\/p>\n<div class=\"mfn-footer\">\n<p class=\"mfn-wp-retain\"><span><span>_______________________________________________________<\/span><br \/><\/span><\/p>\n<p class=\"mfn-wp-retain\"><span><strong>F&ouml;r mer information, v&auml;nligen kontakta: <\/strong><strong><br \/> <\/strong>Per Thorsell, VD och Koncernchef<\/span><br \/><span> Mobil 070-240 78 40<\/span><br \/><span> E-post: <a href=\"mailto:per.thorsell@profilgruppen.se\" rel=\"nofollow\">per.thorsell@profilgruppen.se<\/a><\/span><\/p>\n<p class=\"mfn-wp-retain\"><span>Ulrika Bergmo Sk&ouml;ld, CFO<\/span><br \/><span> Mobil 073-230 05 98<\/span><br \/><span> E-post: <a href=\"mailto:ulrika.bergmo.skold@profilgruppen.se\" rel=\"nofollow\">ulrika.bergmo.skold@profilgruppen.se<\/a>&nbsp;&nbsp;<\/span><\/p>\n<\/div>\n<div class=\"mfn-footer mfn-attachment mfn-attachment-general\">\n<p class=\"mfn-wp-retain\"><strong class=\"mfn-heading-1\">Bifogade filer<\/strong><\/p>\n<hr>\n<p class=\"mfn-wp-retain\"><a class=\"mfn-primary\" href=\"https:\/\/mb.cision.com\/Main\/2130\/9958862\/503229.pdf\" rel=\"noopener\" target=\"_blank\">Release<\/a><\/p>\n<\/div>\n<script>\n                Array.prototype.slice.call(document.querySelectorAll(\".mfn-footer.mfn-attachment\")).forEach(function (el) { el.remove() });\n            <\/script>\n        <div class=\"mfn-attachments-container\"><div class=\"mfn-attachment mfn-primary\"><a class=\"mfn-attachment-link\" href=\"https:\/\/storage.mfn.se\/proxy\/release.pdf?url=https%3A%2F%2Fmb.cision.com%2FMain%2F2130%2F9958862%2F503229.pdf\"><span class=\"mfn-attachment-icon\"><img decoding=\"async\" src=\"https:\/\/storage.mfn.se\/proxy\/release.pdf?url=https%3A%2F%2Fmb.cision.com%2FMain%2F2130%2F9958862%2F503229.pdf&type=jpg\"><\/span>Release<\/a><\/div><\/div>","protected":false},"excerpt":{"rendered":"<p>Vid dagens &aring;rsst&auml;mma i Folkets Hus i &Aring;seda deltog cirka 120 aktie&auml;gare och g&auml;ster. St&auml;mman leddes av K&aring;re Wetterberg. VD och Koncernchef Per Thorsell sammanfattade aktiviteter och framg&aring;ngar under 2015. Han informerade om marknaden f&ouml;r aluminiumprofiler, i Sverige och &ouml;vriga Europa. Han gav exempel p&aring; nya kunder och vad som g&ouml;rs f&ouml;r att utveckla ProfilGruppen &#8230; <a title=\"Beslut fr\u00e5n \u00e5rsst\u00e4mma i ProfilGruppen AB\" class=\"read-more\" href=\"https:\/\/www.profilgruppen.se\/en\/pressmeddelanden\/beslut-fran-arsstamma-i-profilgruppen-ab-3\/\" aria-label=\"Read more about Beslut fr\u00e5n \u00e5rsst\u00e4mma i ProfilGruppen AB\">Read more<\/a><\/p>\n","protected":false},"template":"","mfn-news-tag":[81,82,44,58,43,52,84,46],"class_list":["post-1672","mfn_news","type-mfn_news","status-publish","hentry","mfn-news-tag-mfn-ci","mfn-news-tag-mfn-ci-gm","mfn-news-tag-mfn-type-ir","mfn-news-tag-mfn-regulatory-listing","mfn-news-tag-mfn","mfn-news-tag-mfn-regulatory","mfn-news-tag-mfn-ci-gm-info","mfn-news-tag-mfn-lang-sv"],"acf":[],"_links":{"self":[{"href":"https:\/\/www.profilgruppen.se\/en\/wp-json\/wp\/v2\/mfn_news\/1672","targetHints":{"allow":["GET"]}}],"collection":[{"href":"https:\/\/www.profilgruppen.se\/en\/wp-json\/wp\/v2\/mfn_news"}],"about":[{"href":"https:\/\/www.profilgruppen.se\/en\/wp-json\/wp\/v2\/types\/mfn_news"}],"wp:attachment":[{"href":"https:\/\/www.profilgruppen.se\/en\/wp-json\/wp\/v2\/media?parent=1672"}],"wp:term":[{"taxonomy":"mfn-news-tag","embeddable":true,"href":"https:\/\/www.profilgruppen.se\/en\/wp-json\/wp\/v2\/mfn-news-tag?post=1672"}],"curies":[{"name":"wp","href":"https:\/\/api.w.org\/{rel}","templated":true}]}}