{"id":1648,"date":"2017-07-18T14:00:00","date_gmt":"2017-07-18T12:00:00","guid":{"rendered":"https:\/\/www.profilgruppen.se\/mfn_news\/fortsatt-lonsam-tillvaxt-och-beslut-om-okad-kapacitet\/"},"modified":"2017-07-18T14:00:00","modified_gmt":"2017-07-18T12:00:00","slug":"fortsatt-lonsam-tillvaxt-och-beslut-om-okad-kapacitet","status":"publish","type":"mfn_news","link":"https:\/\/www.profilgruppen.se\/en\/pressmeddelanden\/fortsatt-lonsam-tillvaxt-och-beslut-om-okad-kapacitet\/","title":{"rendered":"Fortsatt l\u00f6nsam tillv\u00e4xt och beslut om \u00f6kad kapacitet"},"content":{"rendered":"<p class=\"mfn-wp-retain\"><strong><span>Andra kvartalet<\/span><\/strong><\/p>\n<ul>\n<li>Int&auml;kter 364,3 Mkr (303,9), upp 20 procent j&auml;mf&ouml;rt med f&ouml;reg&aring;ende &aring;r<\/li>\n<li>R&ouml;relseresultat 31,9 Mkr (19,3), eng&aring;ngsposter har p&aring;verkat resultatet positivt med 2,9 Mkr<\/li>\n<li>R&ouml;relsemarginal 8,8 procent (6,4), exklusive eng&aring;ngspost 8,0 procent<\/li>\n<li>Nettoresultat 23,8 Mkr (14,2)<\/li>\n<li>Kassafl&ouml;de fr&aring;n den l&ouml;pande verksamheten 24,0 Mkr (45,3)<\/li>\n<li>Resultat per aktie 3,01 kr (1,84)<\/li>\n<\/ul>\n<p class=\"mfn-wp-retain\"><strong><span>F&ouml;rsta sex m&aring;naderna<\/span><\/strong><\/p>\n<ul>\n<li>Int&auml;kter 701,5 Mkr (564,5), upp 24 procent j&auml;mf&ouml;rt med f&ouml;reg&aring;ende &aring;r<\/li>\n<li>R&ouml;relseresultat 58,4 Mkr (26,4), eng&aring;ngsposter har p&aring;verkat resultatet positivt med 2,9 Mkr<\/li>\n<li>R&ouml;relsemarginal 8,3 procent (4,7), exklusive eng&aring;ngspost 7,9 procent<\/li>\n<li>Nettoresultat 43,6 Mkr (19,0)<\/li>\n<li>Kassafl&ouml;de fr&aring;n den l&ouml;pande verksamheten 12,7 Mkr (46,7)<\/li>\n<li>Resultat per aktie 5,44 kr (2,62)<\/li>\n<\/ul>\n<p class=\"mfn-wp-retain\"><strong><span>ProfilGruppens vd och koncernchef, Per Thorsell kommenterar:<\/span><\/strong><\/p>\n<p class=\"mfn-wp-retain\"><span><em>&rdquo;Resultatutvecklingen skapar en god k&auml;nsla och ger positiv feedback till alla v&aring;ra medarbetare att v&aring;rt kontinuerliga arbete med f&ouml;rb&auml;ttringar inom alla delar av verksamheten ger effekt. <\/em><\/span><\/p>\n<p class=\"mfn-wp-retain\"><span><em>Att vi nu ocks&aring; tagit ett inriktningsbeslut om att investera i ny teknik och ut&ouml;kad kapacitet i v&aring;r anl&auml;ggning i &Aring;seda skapar &auml;n mer kraft till hela verksamheten. Det ger ocks&aring; en tydlig signal till v&aring;ra kunder att vi vill forts&auml;tta att v&auml;xa tillsammans med dem och utveckla oss f&ouml;r att m&ouml;ta deras behov &auml;n b&auml;ttre.&rdquo; <\/em><\/span><\/p>\n<div class=\"mfn-footer\">\n<p class=\"mfn-wp-retain\"><span><span>_______________________________________________________<\/span><br \/><\/span><\/p>\n<p class=\"mfn-wp-retain\"><span><strong>F&ouml;r mer information, v&auml;nligen kontakta: <\/strong><strong><br \/> <\/strong>Per Thorsell, VD och Koncernchef<\/span><br \/><span> Mobil: 070-240 78 40<\/span><br \/><span> E-post: <a href=\"mailto:per.thorsell@profilgruppen.se\" rel=\"nofollow\">per.thorsell@profilgruppen.se<\/a><\/span><\/p>\n<p class=\"mfn-wp-retain\"><span>Ulrika Bergmo Sk&ouml;ld, CFO<\/span><br \/><span> Mobil: 073-230 05 98<\/span><br \/><span> E-post: <a href=\"mailto:ulrika.bergmo.skold@profilgruppen.se\" rel=\"nofollow\">ulrika.bergmo.skold@profilgruppen.se<\/a>&nbsp;&nbsp;<\/span><\/p>\n<\/div>\n<div class=\"mfn-footer mfn-attachment mfn-attachment-general\">\n<p class=\"mfn-wp-retain\"><strong class=\"mfn-heading-1\">Bifogade filer<\/strong><\/p>\n<hr>\n<p class=\"mfn-wp-retain\"><a class=\"mfn-primary\" href=\"https:\/\/mb.cision.com\/Main\/2130\/2313120\/701819.pdf\" rel=\"noopener\" target=\"_blank\">Release<\/a><\/p>\n<\/div>\n<script>\n                Array.prototype.slice.call(document.querySelectorAll(\".mfn-footer.mfn-attachment\")).forEach(function (el) { el.remove() });\n            <\/script>\n        <div class=\"mfn-attachments-container\"><div class=\"mfn-attachment mfn-primary\"><a class=\"mfn-attachment-link\" href=\"https:\/\/storage.mfn.se\/proxy\/release.pdf?url=https%3A%2F%2Fmb.cision.com%2FMain%2F2130%2F2313120%2F701819.pdf\"><span class=\"mfn-attachment-icon\"><img decoding=\"async\" src=\"https:\/\/storage.mfn.se\/proxy\/release.pdf?url=https%3A%2F%2Fmb.cision.com%2FMain%2F2130%2F2313120%2F701819.pdf&type=jpg\"><\/span>Release<\/a><\/div><\/div>","protected":false},"excerpt":{"rendered":"<p>Andra kvartalet Int&auml;kter 364,3 Mkr (303,9), upp 20 procent j&auml;mf&ouml;rt med f&ouml;reg&aring;ende &aring;r R&ouml;relseresultat 31,9 Mkr (19,3), eng&aring;ngsposter har p&aring;verkat resultatet positivt med 2,9 Mkr R&ouml;relsemarginal 8,8 procent (6,4), exklusive eng&aring;ngspost 8,0 procent Nettoresultat 23,8 Mkr (14,2) Kassafl&ouml;de fr&aring;n den l&ouml;pande verksamheten 24,0 Mkr (45,3) Resultat per aktie 3,01 kr (1,84) F&ouml;rsta sex m&aring;naderna Int&auml;kter &#8230; <a title=\"Fortsatt l\u00f6nsam tillv\u00e4xt och beslut om \u00f6kad kapacitet\" class=\"read-more\" href=\"https:\/\/www.profilgruppen.se\/en\/pressmeddelanden\/fortsatt-lonsam-tillvaxt-och-beslut-om-okad-kapacitet\/\" aria-label=\"Read more about Fortsatt l\u00f6nsam tillv\u00e4xt och beslut om \u00f6kad kapacitet\">Read more<\/a><\/p>\n","protected":false},"template":"","mfn-news-tag":[61,44,53,43,63,52,59,46],"class_list":["post-1648","mfn_news","type-mfn_news","status-publish","hentry","mfn-news-tag-mfn-report-interim","mfn-news-tag-mfn-type-ir","mfn-news-tag-mfn-regulatory-mar","mfn-news-tag-mfn","mfn-news-tag-mfn-report-interim-q2","mfn-news-tag-mfn-regulatory","mfn-news-tag-mfn-report","mfn-news-tag-mfn-lang-sv"],"acf":[],"_links":{"self":[{"href":"https:\/\/www.profilgruppen.se\/en\/wp-json\/wp\/v2\/mfn_news\/1648","targetHints":{"allow":["GET"]}}],"collection":[{"href":"https:\/\/www.profilgruppen.se\/en\/wp-json\/wp\/v2\/mfn_news"}],"about":[{"href":"https:\/\/www.profilgruppen.se\/en\/wp-json\/wp\/v2\/types\/mfn_news"}],"wp:attachment":[{"href":"https:\/\/www.profilgruppen.se\/en\/wp-json\/wp\/v2\/media?parent=1648"}],"wp:term":[{"taxonomy":"mfn-news-tag","embeddable":true,"href":"https:\/\/www.profilgruppen.se\/en\/wp-json\/wp\/v2\/mfn-news-tag?post=1648"}],"curies":[{"name":"wp","href":"https:\/\/api.w.org\/{rel}","templated":true}]}}