{"id":1631,"date":"2018-10-23T14:00:00","date_gmt":"2018-10-23T12:00:00","guid":{"rendered":"https:\/\/www.profilgruppen.se\/mfn_news\/byggnation-av-ny-produktionsanlaggning-paborjad\/"},"modified":"2018-10-23T14:00:00","modified_gmt":"2018-10-23T12:00:00","slug":"byggnation-av-ny-produktionsanlaggning-paborjad","status":"publish","type":"mfn_news","link":"https:\/\/www.profilgruppen.se\/en\/pressmeddelanden\/byggnation-av-ny-produktionsanlaggning-paborjad\/","title":{"rendered":"Byggnation av ny produktionsanl\u00e4ggning p\u00e5b\u00f6rjad"},"content":{"rendered":"<p class=\"mfn-wp-retain\"><strong><span>Tredje kvartalet<\/span><\/strong><\/p>\n<ul>\n<li>Int&auml;kter 354,3 Mkr (314,1), upp 13 procent j&auml;mf&ouml;rt med f&ouml;reg&aring;ende &aring;r<\/li>\n<li>R&ouml;relseresultat 22,4 Mkr (20,7)<\/li>\n<li>R&ouml;relsemarginal 6,3 procent (6,6)<\/li>\n<li>Nettoresultat 16,2 Mkr (15,2)<\/li>\n<li>Kassafl&ouml;de fr&aring;n den l&ouml;pande verksamheten 16,6 Mkr (48,2)<\/li>\n<li>Resultat per aktie 2,29 kr (1,87)<\/li>\n<\/ul>\n<p class=\"mfn-wp-retain\"><strong><span>F&ouml;rsta nio m&aring;naderna<\/span><\/strong><\/p>\n<ul>\n<li>Int&auml;kter 1&nbsp;204,0 Mkr (1&nbsp;015,6), upp 19 procent j&auml;mf&ouml;rt med f&ouml;reg&aring;ende &aring;r<\/li>\n<li>R&ouml;relseresultat 89,7 Mkr (79,1)&nbsp;<\/li>\n<li>R&ouml;relsemarginal 7,5 procent (7,8)<\/li>\n<li>Nettoresultat 66,4 Mkr (58,8)<\/li>\n<li>Kassafl&ouml;de fr&aring;n den l&ouml;pande verksamheten 75,8 Mkr (60,9)<\/li>\n<li>Resultat per aktie 8,75 kr (7,31)<\/li>\n<li>Beslutad investering om 310 Mkr i ny pressanl&auml;ggning f&ouml;r &ouml;kad kapacitet<\/li>\n<\/ul>\n<p class=\"mfn-wp-retain\"><strong><span>ProfilGruppens vd och koncernchef, Per Thorsell kommenterar:<\/span><\/strong><\/p>\n<p class=\"mfn-wp-retain\"><span><em>&rdquo;Vi levererar ett starkt kvartalsresultat i grunden, men tyngs resultatm&auml;ssigt av st&ouml;rningar i v&aring;r nya produktionsanl&auml;ggning i dotterbolaget PG&amp;WIP. Det positiva &auml;r att vi under kvartalet l&ouml;st de process- och kvalitetsproblem som uppkommit och att produktionen nu successivt trappas upp f&ouml;r att under slutet av fj&auml;rde kvartalet producera enligt plan.<\/em><\/span><\/p>\n<p class=\"mfn-wp-retain\"><span><em><span><em>Jag tycker att alla omr&aring;den i verksamheten g&ouml;r ett mycket gott arbete och kontinuerligt utvecklas f&ouml;r att skapa &auml;n mer kundnytta och effektivitet. Arbetet med byggnationen av v&aring;r nya pressanl&auml;ggning l&ouml;per samtidigt p&aring; enligt plan och st&auml;rker ytterligare kraften och ambitionen i hela organisationen.&rdquo;<\/em><\/span><\/em><\/span><\/p>\n<div class=\"mfn-footer\">\n<p class=\"mfn-wp-retain\"><span><span>_______________________________________________________<\/span><br \/><\/span><\/p>\n<p class=\"mfn-wp-retain\"><span><strong>F&ouml;r mer information, v&auml;nligen kontakta: <\/strong><strong><br \/> <\/strong>Per Thorsell, VD och Koncernchef<\/span><br \/><span> Mobil: 070-240 78 40<\/span><br \/><span> E-post: <a href=\"mailto:per.thorsell@profilgruppen.se\" rel=\"nofollow\">per.thorsell@profilgruppen.se<\/a><\/span><\/p>\n<p class=\"mfn-wp-retain\"><span>Ulrika Bergmo Sk&ouml;ld, CFO<\/span><br \/><span> Mobil: 073-230 05 98<\/span><br \/><span> E-post: <a href=\"mailto:ulrika.bergmo.skold@profilgruppen.se\" rel=\"nofollow\">ulrika.bergmo.skold@profilgruppen.se<\/a>&nbsp;&nbsp;<\/span><\/p>\n<\/div>\n<div class=\"mfn-footer mfn-attachment mfn-attachment-general\">\n<p class=\"mfn-wp-retain\"><strong class=\"mfn-heading-1\">Bifogade filer<\/strong><\/p>\n<hr>\n<p class=\"mfn-wp-retain\"><a class=\"mfn-primary\" href=\"https:\/\/mb.cision.com\/Main\/2130\/2652217\/931407.pdf\" rel=\"noopener\" target=\"_blank\">Release<\/a><\/p>\n<\/div>\n<script>\n                Array.prototype.slice.call(document.querySelectorAll(\".mfn-footer.mfn-attachment\")).forEach(function (el) { el.remove() });\n            <\/script>\n        <div class=\"mfn-attachments-container\"><div class=\"mfn-attachment mfn-primary\"><a class=\"mfn-attachment-link\" href=\"https:\/\/storage.mfn.se\/proxy\/release.pdf?url=https%3A%2F%2Fmb.cision.com%2FMain%2F2130%2F2652217%2F931407.pdf\"><span class=\"mfn-attachment-icon\"><img decoding=\"async\" src=\"https:\/\/storage.mfn.se\/proxy\/release.pdf?url=https%3A%2F%2Fmb.cision.com%2FMain%2F2130%2F2652217%2F931407.pdf&type=jpg\"><\/span>Release<\/a><\/div><\/div>","protected":false},"excerpt":{"rendered":"<p>Tredje kvartalet Int&auml;kter 354,3 Mkr (314,1), upp 13 procent j&auml;mf&ouml;rt med f&ouml;reg&aring;ende &aring;r R&ouml;relseresultat 22,4 Mkr (20,7) R&ouml;relsemarginal 6,3 procent (6,6) Nettoresultat 16,2 Mkr (15,2) Kassafl&ouml;de fr&aring;n den l&ouml;pande verksamheten 16,6 Mkr (48,2) Resultat per aktie 2,29 kr (1,87) F&ouml;rsta nio m&aring;naderna Int&auml;kter 1&nbsp;204,0 Mkr (1&nbsp;015,6), upp 19 procent j&auml;mf&ouml;rt med f&ouml;reg&aring;ende &aring;r R&ouml;relseresultat 89,7 &#8230; <a title=\"Byggnation av ny produktionsanl\u00e4ggning p\u00e5b\u00f6rjad\" class=\"read-more\" href=\"https:\/\/www.profilgruppen.se\/en\/pressmeddelanden\/byggnation-av-ny-produktionsanlaggning-paborjad\/\" aria-label=\"Read more about Byggnation av ny produktionsanl\u00e4ggning p\u00e5b\u00f6rjad\">Read more<\/a><\/p>\n","protected":false},"template":"","mfn-news-tag":[61,44,53,43,64,52,59,46],"class_list":["post-1631","mfn_news","type-mfn_news","status-publish","hentry","mfn-news-tag-mfn-report-interim","mfn-news-tag-mfn-type-ir","mfn-news-tag-mfn-regulatory-mar","mfn-news-tag-mfn","mfn-news-tag-mfn-report-interim-q3","mfn-news-tag-mfn-regulatory","mfn-news-tag-mfn-report","mfn-news-tag-mfn-lang-sv"],"acf":[],"_links":{"self":[{"href":"https:\/\/www.profilgruppen.se\/en\/wp-json\/wp\/v2\/mfn_news\/1631","targetHints":{"allow":["GET"]}}],"collection":[{"href":"https:\/\/www.profilgruppen.se\/en\/wp-json\/wp\/v2\/mfn_news"}],"about":[{"href":"https:\/\/www.profilgruppen.se\/en\/wp-json\/wp\/v2\/types\/mfn_news"}],"wp:attachment":[{"href":"https:\/\/www.profilgruppen.se\/en\/wp-json\/wp\/v2\/media?parent=1631"}],"wp:term":[{"taxonomy":"mfn-news-tag","embeddable":true,"href":"https:\/\/www.profilgruppen.se\/en\/wp-json\/wp\/v2\/mfn-news-tag?post=1631"}],"curies":[{"name":"wp","href":"https:\/\/api.w.org\/{rel}","templated":true}]}}