{"id":1614,"date":"2019-04-17T16:30:00","date_gmt":"2019-04-17T14:30:00","guid":{"rendered":"https:\/\/www.profilgruppen.se\/mfn_news\/rattelse-beslut-fran-arsstamma-i-profilgruppen\/"},"modified":"2019-04-17T16:30:00","modified_gmt":"2019-04-17T14:30:00","slug":"rattelse-beslut-fran-arsstamma-i-profilgruppen","status":"publish","type":"mfn_news","link":"https:\/\/www.profilgruppen.se\/en\/pressmeddelanden\/rattelse-beslut-fran-arsstamma-i-profilgruppen\/","title":{"rendered":"R\u00e4ttelse &#8211; Beslut fr\u00e5n \u00e5rsst\u00e4mma i ProfilGruppen"},"content":{"rendered":"<p class=\"mfn-wp-retain\"><span>I g&aring;rdagens pressmeddelande ang&aring;ende beslut fr&aring;n &aring;rsst&auml;mma angavs felaktigt att informationen var s&aring;dan som bolaget &auml;r skyldigt att offentligg&ouml;ra enligt Marknadsmissbruksf&ouml;rordningen. I &ouml;vrigt &auml;r inga &auml;ndringar gjorda.<\/span><\/p>\n<p class=\"mfn-wp-retain\"><span>Vid &aring;rsst&auml;mman i Folkets Hus i &Aring;seda deltog cirka 120 aktie&auml;gare och g&auml;ster. St&auml;mman leddes av K&aring;re Wetterberg.<\/span><\/p>\n<p class=\"mfn-wp-retain\"><span><strong><span>VD sammanfattade 2018<\/span><\/strong><\/span><\/p>\n<p class=\"mfn-wp-retain\"><span>VD och koncernchef Per Thorsell sammanfattade ProfilGruppens framg&aring;ngar och utmaningar under 2018. <\/span><\/p>\n<p class=\"mfn-wp-retain\"><span>Ett sammandrag av VD:s anf&ouml;rande fr&aring;n &aring;rsst&auml;mman kommer att publiceras p&aring; bolagets hemsida.<\/span><\/p>\n<p class=\"mfn-wp-retain\"><span><strong><span>Beslut fr&aring;n st&auml;mman<\/span><\/strong><\/span><\/p>\n<p class=\"mfn-wp-retain\"><span>Resultatr&auml;kningen och balansr&auml;kningen samt koncern-resultatr&auml;kningen och koncernbalansr&auml;kningen f&ouml;r 2018 fastst&auml;lldes.<\/span><\/p>\n<p class=\"mfn-wp-retain\"><span><strong><em><span>Utdelning<\/span><\/em><\/strong><\/span><\/p>\n<p class=\"mfn-wp-retain\"><span>Styrelsen beslutade att utdelning f&ouml;r verksamhets&aring;ret 2018 skall utg&aring; med 5,00 kronor per aktie (f&ouml;reg&aring;ende &aring;r 4,50 kronor per aktie). Avst&auml;mningsdag f&ouml;r utdelning ska vara torsdagen den 18 april 2019. Utbetalning genom Euroclear Sweden AB ber&auml;knas ske torsdagen den 25 april 2019.<\/span><\/p>\n<p class=\"mfn-wp-retain\"><span><strong><em><span>Val av styrelse och revisor<\/span><\/em><\/strong><\/span><\/p>\n<p class=\"mfn-wp-retain\"><span>J&ouml;rgen Abrahamsson valdes till ny styrelseledamot. Omval skedde av styrelseledam&ouml;terna Monica Bellgran, Mats Egeholm, Bengt Stillstr&ouml;m, Thomas Widstrand och K&aring;re Wetterberg. K&aring;re Wetterberg valdes till styrelseordf&ouml;rande. <\/span><\/p>\n<p class=\"mfn-wp-retain\"><span>Bolagets revisor, Ernst &amp; Young AB omvaldes f&ouml;r det kommande &aring;ret, med Franz Lindstr&ouml;m som huvudansvarig revisor. <\/span><\/p>\n<p class=\"mfn-wp-retain\"><span><strong><em><span>Arvode<\/span><\/em><\/strong><\/span><\/p>\n<p class=\"mfn-wp-retain\"><span>&Aring;rsst&auml;mman fastst&auml;llde styrelsearvodet f&ouml;r 2018 enligt valberedningens f&ouml;rslag. Arvode utg&aring;r d&auml;rmed enligt f&ouml;ljande: <\/span><\/p>\n<p class=\"mfn-wp-retain\"><span>400 000 kr till styrelseordf&ouml;randen <\/span><\/p>\n<p class=\"mfn-wp-retain\"><span>155 000 kr till envar &ouml;vrig st&auml;mmovald ledamot som inte &auml;r anst&auml;lld i koncernen. <\/span><\/p>\n<p class=\"mfn-wp-retain\"><span>Ers&auml;ttnings- och revisionsutskotten inkluderas i styrelsens arbete och s&auml;rskilt arvode f&ouml;r dessa utg&aring;r ej. Till ledam&ouml;ter och suppleanter utsedda av de anst&auml;llda utg&aring;r inget arvode. <\/span><\/p>\n<p class=\"mfn-wp-retain\"><span>Ers&auml;ttning till revisor beslutades utg&aring; enligt godk&auml;nd r&auml;kning.<br \/> <strong><em>Beslut om valberedning inf&ouml;r &aring;rsst&auml;mman 2020<\/em><\/strong><\/span><\/p>\n<p class=\"mfn-wp-retain\"><span>&Aring;rsst&auml;mman antog det av valberedningen framlagda f&ouml;rslaget till procedurfr&aring;gor f&ouml;r hur ny valberedning ska utses och om uppgifterna f&ouml;r valberedningen inf&ouml;r &aring;rsst&auml;mman 2020.<\/span><\/p>\n<p class=\"mfn-wp-retain\"><span><strong><em><span>Bemyndigande f&ouml;r styrelsen att besluta om nyemission<\/span><\/em><\/strong><\/span><\/p>\n<p class=\"mfn-wp-retain\"><span>&Aring;rsst&auml;mman beslutade bemyndiga styrelsen att, under tiden fram till n&auml;sta &aring;rsst&auml;mma, vid ett eller flera tillf&auml;llen, med eller utan f&ouml;retr&auml;desr&auml;tt f&ouml;r aktie&auml;garna, besluta om nyemission av h&ouml;gst 700 000 aktier, motsvarande sammanlagt cirka 9,5 procent av aktiekapitalet. Beslutet om nyemission f&aring;r inneh&aring;lla best&auml;mmelser om att emitterade aktier f&aring;r betalas med apport, genom kvittning eller i &ouml;vrigt tecknas med villkor enligt 13 kap 5 &sect; f&ouml;rsta stycket 6<\/span> <span>aktiebolagslagen. Styrelsen bemyndigas &auml;ven att i &ouml;vrigt best&auml;mma villkoren f&ouml;r nyemissionen.<\/span><\/p>\n<p class=\"mfn-wp-retain\"><span>Beslutet fattades med erforderlig majoritet.<\/span><\/p>\n<p class=\"mfn-wp-retain\"><span>Syftet med bemyndigandet &auml;r att bolaget ska kunna emittera aktier som k&ouml;peskillingslikvid i samband med f&ouml;rv&auml;rv av andra f&ouml;retag eller andelar av f&ouml;retag och\/eller tillg&aring;ngar, som styrelsen bed&ouml;mer vara av v&auml;rde f&ouml;r ProfilGruppen-koncernens verksamhet, eller f&ouml;r f&ouml;rst&auml;rkning av bolagets kapitalbas. <\/span><\/p>\n<p class=\"mfn-wp-retain\"><span><strong><em><span>Riktlinjer f&ouml;r ers&auml;ttning till ledande befattningshavare<\/span><\/em><\/strong><\/span><\/p>\n<p class=\"mfn-wp-retain\"><span>&Aring;rsst&auml;mman beslutade om riktlinjer f&ouml;r ers&auml;ttningar till ledande befattningshavare enligt styrelsens f&ouml;rslag. <\/span><\/p>\n<p class=\"mfn-wp-retain\"><span><strong><span>Protokoll fr&aring;n st&auml;mman<\/span><\/strong><\/span><\/p>\n<p class=\"mfn-wp-retain\"><span>Justerat protokoll fr&aring;n st&auml;mman kommer att publiceras p&aring; bolagets hemsida.<\/span><\/p>\n<p class=\"mfn-wp-retain\"><span><strong><span>Ekonomisk information<\/span><\/strong><\/span><\/p>\n<p class=\"mfn-wp-retain\"><span>Del&aring;rsrapport f&ouml;r det f&ouml;rsta kvartalet 2019 l&auml;mnades tidigare idag.<\/span><\/p>\n<p class=\"mfn-wp-retain\"><span>Del&aring;rsrapport f&ouml;r det andra kvartalet l&auml;mnas den 15 juli 2019 klockan 14.00. Datum f&ouml;r kommande ekonomisk information finns tillg&auml;ngliga p&aring; bolagets hemsida. <\/p>\n<p> <\/span><\/p>\n<p class=\"mfn-wp-retain\"><span>&Aring;seda den 16 april 2019<\/span><\/p>\n<p class=\"mfn-wp-retain\"><span>Styrelsen i ProfilGruppen AB (publ)<\/span><\/p>\n<p class=\"mfn-wp-retain\"><span>Orgnr 556277-8943<\/span>&nbsp;<\/p>\n<div class=\"mfn-footer\">\n<p class=\"mfn-wp-retain\"><span><span>_______________________________________________________<\/span><br \/><\/span><\/p>\n<p class=\"mfn-wp-retain\"><span><strong>F&ouml;r mer information, v&auml;nligen kontakta: <\/strong><strong><br \/> <\/strong>Per Thorsell, VD och Koncernchef<\/span><br \/><span> Mobil: 070-240 78 40<\/span><br \/><span> E-post: <a href=\"mailto:per.thorsell@profilgruppen.se\" rel=\"nofollow\">per.thorsell@profilgruppen.se<\/a><\/span><\/p>\n<p class=\"mfn-wp-retain\"><span>K&aring;re Wetteberg, Styrelsordf&ouml;rande<\/span><br \/><span> Mobil: 070-656 40 14<\/span><br \/><span> E-post: kare.wetterberg@profilgruppen.se&nbsp;&nbsp;<\/span><\/p>\n<\/div>\n<div class=\"mfn-footer mfn-attachment mfn-attachment-general\">\n<p class=\"mfn-wp-retain\"><strong class=\"mfn-heading-1\">Bifogade filer<\/strong><\/p>\n<hr>\n<p class=\"mfn-wp-retain\"><a class=\"mfn-primary\" href=\"https:\/\/mb.cision.com\/Main\/2130\/2791681\/1028056.pdf\" rel=\"noopener\" target=\"_blank\">Release<\/a><\/p>\n<\/div>\n<script>\n                Array.prototype.slice.call(document.querySelectorAll(\".mfn-footer.mfn-attachment\")).forEach(function (el) { el.remove() });\n            <\/script>\n        <div class=\"mfn-attachments-container\"><div class=\"mfn-attachment mfn-primary\"><a class=\"mfn-attachment-link\" href=\"https:\/\/storage.mfn.se\/proxy\/release.pdf?url=https%3A%2F%2Fmb.cision.com%2FMain%2F2130%2F2791681%2F1028056.pdf\"><span class=\"mfn-attachment-icon\"><img decoding=\"async\" src=\"https:\/\/storage.mfn.se\/proxy\/release.pdf?url=https%3A%2F%2Fmb.cision.com%2FMain%2F2130%2F2791681%2F1028056.pdf&type=jpg\"><\/span>Release<\/a><\/div><\/div>","protected":false},"excerpt":{"rendered":"<p>I g&aring;rdagens pressmeddelande ang&aring;ende beslut fr&aring;n &aring;rsst&auml;mma angavs felaktigt att informationen var s&aring;dan som bolaget &auml;r skyldigt att offentligg&ouml;ra enligt Marknadsmissbruksf&ouml;rordningen. I &ouml;vrigt &auml;r inga &auml;ndringar gjorda. Vid &aring;rsst&auml;mman i Folkets Hus i &Aring;seda deltog cirka 120 aktie&auml;gare och g&auml;ster. St&auml;mman leddes av K&aring;re Wetterberg. VD sammanfattade 2018 VD och koncernchef Per Thorsell sammanfattade ProfilGruppens &#8230; <a title=\"R\u00e4ttelse &#8211; Beslut fr\u00e5n \u00e5rsst\u00e4mma i ProfilGruppen\" class=\"read-more\" href=\"https:\/\/www.profilgruppen.se\/en\/pressmeddelanden\/rattelse-beslut-fran-arsstamma-i-profilgruppen\/\" aria-label=\"Read more about R\u00e4ttelse &#8211; Beslut fr\u00e5n \u00e5rsst\u00e4mma i ProfilGruppen\">Read more<\/a><\/p>\n","protected":false},"template":"","mfn-news-tag":[81,82,44,58,43,52,84,46],"class_list":["post-1614","mfn_news","type-mfn_news","status-publish","hentry","mfn-news-tag-mfn-ci","mfn-news-tag-mfn-ci-gm","mfn-news-tag-mfn-type-ir","mfn-news-tag-mfn-regulatory-listing","mfn-news-tag-mfn","mfn-news-tag-mfn-regulatory","mfn-news-tag-mfn-ci-gm-info","mfn-news-tag-mfn-lang-sv"],"acf":[],"_links":{"self":[{"href":"https:\/\/www.profilgruppen.se\/en\/wp-json\/wp\/v2\/mfn_news\/1614","targetHints":{"allow":["GET"]}}],"collection":[{"href":"https:\/\/www.profilgruppen.se\/en\/wp-json\/wp\/v2\/mfn_news"}],"about":[{"href":"https:\/\/www.profilgruppen.se\/en\/wp-json\/wp\/v2\/types\/mfn_news"}],"wp:attachment":[{"href":"https:\/\/www.profilgruppen.se\/en\/wp-json\/wp\/v2\/media?parent=1614"}],"wp:term":[{"taxonomy":"mfn-news-tag","embeddable":true,"href":"https:\/\/www.profilgruppen.se\/en\/wp-json\/wp\/v2\/mfn-news-tag?post=1614"}],"curies":[{"name":"wp","href":"https:\/\/api.w.org\/{rel}","templated":true}]}}