{"id":1598,"date":"2020-02-11T14:00:00","date_gmt":"2020-02-11T13:00:00","guid":{"rendered":"https:\/\/www.profilgruppen.se\/mfn_news\/resultat-i-niva-med-foregaende-ar\/"},"modified":"2020-02-11T14:00:00","modified_gmt":"2020-02-11T13:00:00","slug":"resultat-i-niva-med-foregaende-ar","status":"publish","type":"mfn_news","link":"https:\/\/www.profilgruppen.se\/en\/pressmeddelanden\/resultat-i-niva-med-foregaende-ar\/","title":{"rendered":"Resultat i niv\u00e5 med f\u00f6reg\u00e5ende \u00e5r"},"content":{"rendered":"<p class=\"mfn-wp-retain\"><strong><span><span><span>Fj&auml;rde kvartalet<\/span><\/span><\/span><\/strong><\/p>\n<p class=\"mfn-wp-retain\"><span><span><span>&bull;&nbsp;&nbsp;&nbsp;&nbsp;&nbsp;&nbsp;&nbsp;&nbsp;&nbsp;&nbsp;&nbsp;&nbsp;&nbsp;&nbsp;&nbsp;&nbsp;&nbsp;&nbsp;&nbsp;&nbsp;&nbsp;&nbsp;&nbsp;&nbsp;&nbsp; Int&auml;kter 381,9 Mkr (414,3)<\/span><\/span><\/span><\/p>\n<p class=\"mfn-wp-retain\"><span><span><span>&bull;&nbsp;&nbsp;&nbsp;&nbsp;&nbsp;&nbsp;&nbsp;&nbsp;&nbsp;&nbsp;&nbsp;&nbsp;&nbsp;&nbsp;&nbsp;&nbsp;&nbsp;&nbsp;&nbsp;&nbsp;&nbsp;&nbsp;&nbsp;&nbsp;&nbsp; R&ouml;relseresultat 22,7 Mkr (24,0)<\/span><\/span><\/span><\/p>\n<p class=\"mfn-wp-retain\"><span><span><span>&bull;&nbsp;&nbsp;&nbsp;&nbsp;&nbsp;&nbsp;&nbsp;&nbsp;&nbsp;&nbsp;&nbsp;&nbsp;&nbsp;&nbsp;&nbsp;&nbsp;&nbsp;&nbsp;&nbsp;&nbsp;&nbsp;&nbsp;&nbsp;&nbsp;&nbsp; R&ouml;relsemarginal 5,9 procent (5,8)<\/span><\/span><\/span><\/p>\n<p class=\"mfn-wp-retain\"><span><span><span>&bull;&nbsp;&nbsp;&nbsp;&nbsp;&nbsp;&nbsp;&nbsp;&nbsp;&nbsp;&nbsp;&nbsp;&nbsp;&nbsp;&nbsp;&nbsp;&nbsp;&nbsp;&nbsp;&nbsp;&nbsp;&nbsp;&nbsp;&nbsp;&nbsp;&nbsp; Nettoresultat 18,9 Mkr (17,1)<\/span><\/span><\/span><\/p>\n<p class=\"mfn-wp-retain\"><span><span><span>&bull;&nbsp;&nbsp;&nbsp;&nbsp;&nbsp;&nbsp;&nbsp;&nbsp;&nbsp;&nbsp;&nbsp;&nbsp;&nbsp;&nbsp;&nbsp;&nbsp;&nbsp;&nbsp;&nbsp;&nbsp;&nbsp;&nbsp;&nbsp;&nbsp;&nbsp; Kassafl&ouml;de fr&aring;n den l&ouml;pande verksamheten 33,2 Mkr (54,0) <\/span><\/span><\/span><\/p>\n<p class=\"mfn-wp-retain\"><span><span><span>&bull;&nbsp;&nbsp;&nbsp;&nbsp;&nbsp;&nbsp;&nbsp;&nbsp;&nbsp;&nbsp;&nbsp;&nbsp;&nbsp;&nbsp;&nbsp;&nbsp;&nbsp;&nbsp;&nbsp;&nbsp;&nbsp;&nbsp;&nbsp;&nbsp;&nbsp; Resultat per aktie 2,42 kr (2,13) <\/span><\/span><\/span><\/p>\n<p class=\"mfn-wp-retain\"><span><span><span>&bull;&nbsp;&nbsp;&nbsp;&nbsp;&nbsp;&nbsp;&nbsp;&nbsp;&nbsp;&nbsp;&nbsp;&nbsp;&nbsp;&nbsp;&nbsp;&nbsp;&nbsp;&nbsp;&nbsp;&nbsp;&nbsp;&nbsp;&nbsp;&nbsp;&nbsp; Ny vd och koncernchef, Fredrik Z&ouml;&ouml;gling, tilltr&auml;dde 7 oktober <\/span><\/span><\/span><\/p>\n<p class=\"mfn-wp-retain\">&nbsp;<\/p>\n<p class=\"mfn-wp-retain\"><strong><span><span><span>&Aring;ret 2019<\/span><\/span><\/span><\/strong><\/p>\n<p class=\"mfn-wp-retain\"><span><span><span>&bull;&nbsp;&nbsp;&nbsp;&nbsp;&nbsp;&nbsp;&nbsp;&nbsp;&nbsp;&nbsp;&nbsp;&nbsp;&nbsp;&nbsp;&nbsp;&nbsp;&nbsp;&nbsp;&nbsp;&nbsp;&nbsp;&nbsp;&nbsp;&nbsp;&nbsp; Int&auml;kter 1 622,1 Mkr (1 618,3), i niv&aring; med f&ouml;reg&aring;ende &aring;r<\/span><\/span><\/span><\/p>\n<p class=\"mfn-wp-retain\"><span><span><span>&bull;&nbsp;&nbsp;&nbsp;&nbsp;&nbsp;&nbsp;&nbsp;&nbsp;&nbsp;&nbsp;&nbsp;&nbsp;&nbsp;&nbsp;&nbsp;&nbsp;&nbsp;&nbsp;&nbsp;&nbsp;&nbsp;&nbsp;&nbsp;&nbsp;&nbsp; R&ouml;relseresultat 113,2 Mkr (113,7)<\/span><\/span><\/span><\/p>\n<p class=\"mfn-wp-retain\"><span><span><span>&bull;&nbsp;&nbsp;&nbsp;&nbsp;&nbsp;&nbsp;&nbsp;&nbsp;&nbsp;&nbsp;&nbsp;&nbsp;&nbsp;&nbsp;&nbsp;&nbsp;&nbsp;&nbsp;&nbsp;&nbsp;&nbsp;&nbsp;&nbsp;&nbsp;&nbsp; R&ouml;relsemarginal 7,0 procent (7,0)<\/span><\/span><\/span><\/p>\n<p class=\"mfn-wp-retain\"><span><span><span>&bull;&nbsp;&nbsp;&nbsp;&nbsp;&nbsp;&nbsp;&nbsp;&nbsp;&nbsp;&nbsp;&nbsp;&nbsp;&nbsp;&nbsp;&nbsp;&nbsp;&nbsp;&nbsp;&nbsp;&nbsp;&nbsp;&nbsp;&nbsp;&nbsp;&nbsp; Nettoresultat 80,5 Mkr (83,5)<\/span><\/span><\/span><\/p>\n<p class=\"mfn-wp-retain\"><span><span><span>&bull;&nbsp;&nbsp;&nbsp;&nbsp;&nbsp;&nbsp;&nbsp;&nbsp;&nbsp;&nbsp;&nbsp;&nbsp;&nbsp;&nbsp;&nbsp;&nbsp;&nbsp;&nbsp;&nbsp;&nbsp;&nbsp;&nbsp;&nbsp;&nbsp;&nbsp; Kassafl&ouml;de fr&aring;n den l&ouml;pande verksamheten 110,7 Mkr (129,8) <\/span><\/span><\/span><\/p>\n<p class=\"mfn-wp-retain\"><span><span><span>&bull;&nbsp;&nbsp;&nbsp;&nbsp;&nbsp;&nbsp;&nbsp;&nbsp;&nbsp;&nbsp;&nbsp;&nbsp;&nbsp;&nbsp;&nbsp;&nbsp;&nbsp;&nbsp;&nbsp;&nbsp;&nbsp;&nbsp;&nbsp;&nbsp;&nbsp; Resultat per aktie 9,98 kr (10,88)<\/span><\/span><\/span><\/p>\n<p class=\"mfn-wp-retain\"><span><span><span>&bull;&nbsp;&nbsp;&nbsp;&nbsp;&nbsp;&nbsp;&nbsp;&nbsp;&nbsp;&nbsp;&nbsp;&nbsp;&nbsp;&nbsp;&nbsp;&nbsp;&nbsp;&nbsp;&nbsp;&nbsp;&nbsp;&nbsp;&nbsp;&nbsp;&nbsp; Styrelsen f&ouml;resl&aring;r en utdelning om 5,00 kr per aktie (5,00)<\/span><\/span><\/span><\/p>\n<p class=\"mfn-wp-retain\">&nbsp;<\/p>\n<p class=\"mfn-wp-retain\"><strong><span><span><span>ProfilGruppens vd och koncernchef, Fredrik Z&ouml;&ouml;gling, kommenterar:<\/span><\/span><\/span><\/strong><br \/>\n<span><span><span><em>&rdquo;Under &aring;ret har vi lagt mycket energi p&aring; att skapa en ny plattform f&ouml;r framtida tillv&auml;xt. Vi har byggt en helt ny pressanl&auml;ggning och samtidigt bytt aff&auml;rssystem, utmaningar som p&aring;verkat hela organisationen. Att vi samtidigt presterar ett r&ouml;relseresultat p&aring; samma niv&aring; som f&ouml;reg&aring;ende &aring;r &auml;r gl&auml;djande och visar p&aring; det stora engagemang som finns hos v&aring;ra medarbetare.&nbsp; Nu &auml;r v&aring;r uppgift att anv&auml;nda denna nya plattform som avstamp f&ouml;r att ta oss till n&auml;sta niv&aring;.&rdquo;<\/em><\/span><\/span><\/span><\/p>\n<div class=\"mfn-footer\">\n<p class=\"mfn-wp-retain\"><span><span><span>_______________________________________________________<\/span><\/span><\/span><\/p>\n<p class=\"mfn-wp-retain\"><span><span><strong><span>F&ouml;r mer information, v&auml;nligen kontakta: <\/span><\/strong><br \/>\nFredrik Z&ouml;&ouml;gling, VD och Koncernchef<\/span><\/span><br \/>\n<span><span>Mobil: 070-932 16 50<\/span><\/span><br \/>\n<span><span>E-post: <a href=\"mailto:fredrik.zoogling@profilgruppen.se\" rel=\"nofollow\">fredrik.zoogling@profilgruppen.se<\/a><\/span><\/span><\/p>\n<p class=\"mfn-wp-retain\"><span><span>Ulrika Bergmo Sk&ouml;ld, CFO<\/span><\/span><br \/>\n<span><span>Mobil: 073-230 05 98<\/span><\/span><br \/>\n<span><span>E-post: <a href=\"mailto:ulrika.bergmo.skold@profilgruppen.se\" rel=\"nofollow\">ulrika.bergmo.skold@profilgruppen.se<\/a>&nbsp;&nbsp;<\/span><\/span><\/p>\n<\/div>\n<div class=\"mfn-footer mfn-attachment mfn-attachment-general\">\n<p class=\"mfn-wp-retain\"><strong class=\"mfn-heading-1\">Bifogade filer<\/strong><\/p>\n<hr>\n<p class=\"mfn-wp-retain\"><a class=\"mfn-primary\" href=\"https:\/\/mb.cision.com\/Main\/2130\/3032783\/1191986.pdf\" rel=\"noopener\" target=\"_blank\">Release<\/a><\/p>\n<\/div>\n<script>\n                Array.prototype.slice.call(document.querySelectorAll(\".mfn-footer.mfn-attachment\")).forEach(function (el) { el.remove() });\n            <\/script>\n        <div class=\"mfn-attachments-container\"><div class=\"mfn-attachment mfn-primary\"><a class=\"mfn-attachment-link\" href=\"https:\/\/storage.mfn.se\/proxy\/release.pdf?url=https%3A%2F%2Fmb.cision.com%2FMain%2F2130%2F3032783%2F1191986.pdf\"><span class=\"mfn-attachment-icon\"><img decoding=\"async\" src=\"https:\/\/storage.mfn.se\/proxy\/release.pdf?url=https%3A%2F%2Fmb.cision.com%2FMain%2F2130%2F3032783%2F1191986.pdf&type=jpg\"><\/span>Release<\/a><\/div><\/div>","protected":false},"excerpt":{"rendered":"<p>Fj&auml;rde kvartalet &bull;&nbsp;&nbsp;&nbsp;&nbsp;&nbsp;&nbsp;&nbsp;&nbsp;&nbsp;&nbsp;&nbsp;&nbsp;&nbsp;&nbsp;&nbsp;&nbsp;&nbsp;&nbsp;&nbsp;&nbsp;&nbsp;&nbsp;&nbsp;&nbsp;&nbsp; Int&auml;kter 381,9 Mkr (414,3) &bull;&nbsp;&nbsp;&nbsp;&nbsp;&nbsp;&nbsp;&nbsp;&nbsp;&nbsp;&nbsp;&nbsp;&nbsp;&nbsp;&nbsp;&nbsp;&nbsp;&nbsp;&nbsp;&nbsp;&nbsp;&nbsp;&nbsp;&nbsp;&nbsp;&nbsp; R&ouml;relseresultat 22,7 Mkr (24,0) &bull;&nbsp;&nbsp;&nbsp;&nbsp;&nbsp;&nbsp;&nbsp;&nbsp;&nbsp;&nbsp;&nbsp;&nbsp;&nbsp;&nbsp;&nbsp;&nbsp;&nbsp;&nbsp;&nbsp;&nbsp;&nbsp;&nbsp;&nbsp;&nbsp;&nbsp; R&ouml;relsemarginal 5,9 procent (5,8) &bull;&nbsp;&nbsp;&nbsp;&nbsp;&nbsp;&nbsp;&nbsp;&nbsp;&nbsp;&nbsp;&nbsp;&nbsp;&nbsp;&nbsp;&nbsp;&nbsp;&nbsp;&nbsp;&nbsp;&nbsp;&nbsp;&nbsp;&nbsp;&nbsp;&nbsp; Nettoresultat 18,9 Mkr (17,1) &bull;&nbsp;&nbsp;&nbsp;&nbsp;&nbsp;&nbsp;&nbsp;&nbsp;&nbsp;&nbsp;&nbsp;&nbsp;&nbsp;&nbsp;&nbsp;&nbsp;&nbsp;&nbsp;&nbsp;&nbsp;&nbsp;&nbsp;&nbsp;&nbsp;&nbsp; Kassafl&ouml;de fr&aring;n den l&ouml;pande verksamheten 33,2 Mkr (54,0) &bull;&nbsp;&nbsp;&nbsp;&nbsp;&nbsp;&nbsp;&nbsp;&nbsp;&nbsp;&nbsp;&nbsp;&nbsp;&nbsp;&nbsp;&nbsp;&nbsp;&nbsp;&nbsp;&nbsp;&nbsp;&nbsp;&nbsp;&nbsp;&nbsp;&nbsp; Resultat per aktie 2,42 kr (2,13) &bull;&nbsp;&nbsp;&nbsp;&nbsp;&nbsp;&nbsp;&nbsp;&nbsp;&nbsp;&nbsp;&nbsp;&nbsp;&nbsp;&nbsp;&nbsp;&nbsp;&nbsp;&nbsp;&nbsp;&nbsp;&nbsp;&nbsp;&nbsp;&nbsp;&nbsp; Ny vd och koncernchef, Fredrik Z&ouml;&ouml;gling, tilltr&auml;dde 7 oktober &nbsp; &Aring;ret 2019 &bull;&nbsp;&nbsp;&nbsp;&nbsp;&nbsp;&nbsp;&nbsp;&nbsp;&nbsp;&nbsp;&nbsp;&nbsp;&nbsp;&nbsp;&nbsp;&nbsp;&nbsp;&nbsp;&nbsp;&nbsp;&nbsp;&nbsp;&nbsp;&nbsp;&nbsp; Int&auml;kter 1 622,1 &#8230; <a title=\"Resultat i niv\u00e5 med f\u00f6reg\u00e5ende \u00e5r\" class=\"read-more\" href=\"https:\/\/www.profilgruppen.se\/en\/pressmeddelanden\/resultat-i-niva-med-foregaende-ar\/\" aria-label=\"Read more about Resultat i niv\u00e5 med f\u00f6reg\u00e5ende \u00e5r\">Read more<\/a><\/p>\n","protected":false},"template":"","mfn-news-tag":[61,44,53,43,52,59,46,65],"class_list":["post-1598","mfn_news","type-mfn_news","status-publish","hentry","mfn-news-tag-mfn-report-interim","mfn-news-tag-mfn-type-ir","mfn-news-tag-mfn-regulatory-mar","mfn-news-tag-mfn","mfn-news-tag-mfn-regulatory","mfn-news-tag-mfn-report","mfn-news-tag-mfn-lang-sv","mfn-news-tag-mfn-report-interim-q4"],"acf":[],"_links":{"self":[{"href":"https:\/\/www.profilgruppen.se\/en\/wp-json\/wp\/v2\/mfn_news\/1598","targetHints":{"allow":["GET"]}}],"collection":[{"href":"https:\/\/www.profilgruppen.se\/en\/wp-json\/wp\/v2\/mfn_news"}],"about":[{"href":"https:\/\/www.profilgruppen.se\/en\/wp-json\/wp\/v2\/types\/mfn_news"}],"wp:attachment":[{"href":"https:\/\/www.profilgruppen.se\/en\/wp-json\/wp\/v2\/media?parent=1598"}],"wp:term":[{"taxonomy":"mfn-news-tag","embeddable":true,"href":"https:\/\/www.profilgruppen.se\/en\/wp-json\/wp\/v2\/mfn-news-tag?post=1598"}],"curies":[{"name":"wp","href":"https:\/\/api.w.org\/{rel}","templated":true}]}}