{"id":1584,"date":"2020-04-21T18:15:00","date_gmt":"2020-04-21T16:15:00","guid":{"rendered":"https:\/\/www.profilgruppen.se\/mfn_news\/beslut-fran-arsstamma-i-profilgruppen\/"},"modified":"2020-04-21T18:15:00","modified_gmt":"2020-04-21T16:15:00","slug":"beslut-fran-arsstamma-i-profilgruppen","status":"publish","type":"mfn_news","link":"https:\/\/www.profilgruppen.se\/en\/pressmeddelanden\/beslut-fran-arsstamma-i-profilgruppen\/","title":{"rendered":"Beslut fr\u00e5n \u00e5rsst\u00e4mma i ProfilGruppen"},"content":{"rendered":"<p class=\"mfn-wp-retain\">Vid dagens &aring;rsst&auml;mma deltog cirka 35 aktie&auml;gare och g&auml;ster. St&auml;mman leddes av K&aring;re Wetterberg.<\/p>\n<p class=\"mfn-wp-retain\"><strong>VD sammanfattade 2019<\/strong><br \/>\nVD och koncernchef Fredrik Z&ouml;&ouml;gling sammanfattade ProfilGruppens framg&aring;ngar och utmaningar under 2019.&nbsp;<br \/>\nEtt sammandrag av VD:s anf&ouml;rande fr&aring;n &aring;rsst&auml;mman kommer att publiceras p&aring; bolagets hemsida.<\/p>\n<p class=\"mfn-wp-retain\"><strong>Beslut fr&aring;n st&auml;mman<\/strong><br \/>\nResultatr&auml;kningen och balansr&auml;kningen samt koncern-resultatr&auml;kningen och koncernbalansr&auml;kningen f&ouml;r 2019 fastst&auml;lldes.<\/p>\n<p class=\"mfn-wp-retain\"><em><strong>Utdelning<\/strong><\/em><br \/>\nStyrelsen beslutade att ingen utdelning f&ouml;r verksamhets&aring;ret 2019 skall utg&aring; (f&ouml;reg&aring;ende &aring;r 5,00 kronor per aktie).&nbsp;<\/p>\n<p class=\"mfn-wp-retain\"><em><strong>Val av styrelse och revisor<\/strong><\/em><br \/>\nOmval skedde av styrelseledam&ouml;terna J&ouml;rgen Abrahamsson, Monica Bellgran, Bengt Stillstr&ouml;m, Thomas Widstrand och K&aring;re Wetterberg. K&aring;re Wetterberg valdes till styrelseordf&ouml;rande.&nbsp;<br \/>\nBolagets revisor, Ernst &amp; Young AB omvaldes f&ouml;r det kommande &aring;ret, med Franz Lindstr&ouml;m som huvudansvarig revisor.&nbsp;<\/p>\n<p class=\"mfn-wp-retain\"><em><strong>Arvode<\/strong><\/em><br \/>\n&Aring;rsst&auml;mman fastst&auml;llde styrelsearvodet f&ouml;r 2019 enligt valberedningens f&ouml;rslag. Arvode utg&aring;r d&auml;rmed enligt f&ouml;ljande:&nbsp;<br \/>\n400 000 kr till styrelseordf&ouml;randen&nbsp;<br \/>\n155 000 kr till envar &ouml;vrig st&auml;mmovald ledamot som inte &auml;r anst&auml;lld i koncernen.&nbsp;<br \/>\nErs&auml;ttnings- och revisionsutskotten inkluderas i styrelsens arbete och s&auml;rskilt arvode f&ouml;r dessa utg&aring;r ej. Till ledam&ouml;ter och suppleanter utsedda av de anst&auml;llda utg&aring;r inget arvode.&nbsp;<br \/>\nErs&auml;ttning till revisor beslutades utg&aring; enligt godk&auml;nd r&auml;kning.<\/p>\n<p class=\"mfn-wp-retain\"><em><strong>Beslut om valberedning inf&ouml;r &aring;rsst&auml;mman 2021<\/strong><\/em><br \/>\n&Aring;rsst&auml;mman antog det av valberedningen framlagda f&ouml;rslaget till procedurfr&aring;gor f&ouml;r hur ny valberedning ska utses och om uppgifterna f&ouml;r valberedningen inf&ouml;r &aring;rsst&auml;mman 2021.<\/p>\n<p class=\"mfn-wp-retain\"><em><strong>Bemyndigande f&ouml;r styrelsen att besluta om nyemission<\/strong><\/em><br \/>\n&Aring;rsst&auml;mman beslutade bemyndiga styrelsen att, under tiden fram till n&auml;sta &aring;rsst&auml;mma, vid ett eller flera tillf&auml;llen, med eller utan f&ouml;retr&auml;desr&auml;tt f&ouml;r aktie&auml;garna, besluta om nyemission av h&ouml;gst 700 000 aktier, motsvarande sammanlagt cirka 9,5 procent av aktiekapitalet. Beslutet om nyemission f&aring;r inneh&aring;lla best&auml;mmelser om att emitterade aktier f&aring;r betalas med apport, genom kvittning eller i &ouml;vrigt tecknas med villkor enligt 13 kap 5 &sect; f&ouml;rsta stycket 6 aktiebolagslagen. Styrelsen bemyndigas &auml;ven att i &ouml;vrigt best&auml;mma villkoren f&ouml;r nyemissionen.<br \/>\nBeslutet fattades med erforderlig majoritet.<\/p>\n<p class=\"mfn-wp-retain\">Syftet med bemyndigandet &auml;r att bolaget ska kunna emittera aktier som k&ouml;peskillingslikvid i samband med f&ouml;rv&auml;rv av andra f&ouml;retag eller andelar av f&ouml;retag och\/eller tillg&aring;ngar, som styrelsen bed&ouml;mer vara av v&auml;rde f&ouml;r ProfilGruppen-koncernens verksamhet, eller f&ouml;r f&ouml;rst&auml;rkning av bolagets kapitalbas.&nbsp;<\/p>\n<p class=\"mfn-wp-retain\"><em><strong>Riktlinjer f&ouml;r ers&auml;ttning till ledande befattningshavare<\/strong><\/em><br \/>\n&Aring;rsst&auml;mman beslutade om riktlinjer f&ouml;r ers&auml;ttningar till ledande befattningshavare enligt styrelsens f&ouml;rslag.&nbsp;<\/p>\n<p class=\"mfn-wp-retain\"><strong>Protokoll fr&aring;n st&auml;mman<\/strong><br \/>\nJusterat protokoll fr&aring;n st&auml;mman kommer att publiceras p&aring; bolagets hemsida.<\/p>\n<p class=\"mfn-wp-retain\"><strong>Ekonomisk information<\/strong><br \/>\nDel&aring;rsrapport f&ouml;r det andra kvartalet l&auml;mnas den 15 juli 2020 klockan 14.00. Datum f&ouml;r kommande ekonomisk information finns tillg&auml;ngliga p&aring; bolagets hemsida.&nbsp;<\/p>\n<p class=\"mfn-wp-retain\">\n&nbsp;<\/p>\n<p class=\"mfn-wp-retain\">&Aring;seda den 21 april 2020<\/p>\n<p class=\"mfn-wp-retain\">\n&nbsp;<\/p>\n<p class=\"mfn-wp-retain\">Styrelsen i ProfilGruppen AB (publ)<br \/>\nOrgnr 556277-8943<\/p>\n<div class=\"mfn-footer\">\n<p class=\"mfn-wp-retain\"><span><span><span>_______________________________________________________<\/span><\/span><\/span><\/p>\n<p class=\"mfn-wp-retain\"><span><span><strong><span>F&ouml;r mer information, v&auml;nligen kontakta: <\/span><\/strong><br \/>\nK&aring;re Wetterberg, Styrelsens ordf&ouml;rande<\/span><\/span><br \/>\n<span><span>Mobil: 070-656 40 14<\/span><\/span><br \/>\n<span><span>E-post: kare.wetterberg@profilgruppen.se<\/span><\/span><\/p>\n<\/div>\n<div class=\"mfn-footer mfn-attachment mfn-attachment-general\">\n<p class=\"mfn-wp-retain\"><strong class=\"mfn-heading-1\">Bifogade filer<\/strong><\/p>\n<hr>\n<p class=\"mfn-wp-retain\"><a class=\"mfn-primary\" href=\"https:\/\/mb.cision.com\/Main\/2130\/3093704\/1233370.pdf\" rel=\"noopener\" target=\"_blank\">Release<\/a><\/p>\n<\/div>\n<script>\n                Array.prototype.slice.call(document.querySelectorAll(\".mfn-footer.mfn-attachment\")).forEach(function (el) { el.remove() });\n            <\/script>\n        <div class=\"mfn-attachments-container\"><div class=\"mfn-attachment mfn-primary\"><a class=\"mfn-attachment-link\" href=\"https:\/\/storage.mfn.se\/proxy\/release.pdf?url=https%3A%2F%2Fmb.cision.com%2FMain%2F2130%2F3093704%2F1233370.pdf\"><span class=\"mfn-attachment-icon\"><img decoding=\"async\" src=\"https:\/\/storage.mfn.se\/proxy\/release.pdf?url=https%3A%2F%2Fmb.cision.com%2FMain%2F2130%2F3093704%2F1233370.pdf&type=jpg\"><\/span>Release<\/a><\/div><\/div>","protected":false},"excerpt":{"rendered":"<p>Vid dagens &aring;rsst&auml;mma deltog cirka 35 aktie&auml;gare och g&auml;ster. St&auml;mman leddes av K&aring;re Wetterberg. VD sammanfattade 2019 VD och koncernchef Fredrik Z&ouml;&ouml;gling sammanfattade ProfilGruppens framg&aring;ngar och utmaningar under 2019.&nbsp; Ett sammandrag av VD:s anf&ouml;rande fr&aring;n &aring;rsst&auml;mman kommer att publiceras p&aring; bolagets hemsida. Beslut fr&aring;n st&auml;mman Resultatr&auml;kningen och balansr&auml;kningen samt koncern-resultatr&auml;kningen och koncernbalansr&auml;kningen f&ouml;r 2019 fastst&auml;lldes. &#8230; <a title=\"Beslut fr\u00e5n \u00e5rsst\u00e4mma i ProfilGruppen\" class=\"read-more\" href=\"https:\/\/www.profilgruppen.se\/en\/pressmeddelanden\/beslut-fran-arsstamma-i-profilgruppen\/\" aria-label=\"Read more about Beslut fr\u00e5n \u00e5rsst\u00e4mma i ProfilGruppen\">Read more<\/a><\/p>\n","protected":false},"template":"","mfn-news-tag":[81,82,44,58,43,52,84,46],"class_list":["post-1584","mfn_news","type-mfn_news","status-publish","hentry","mfn-news-tag-mfn-ci","mfn-news-tag-mfn-ci-gm","mfn-news-tag-mfn-type-ir","mfn-news-tag-mfn-regulatory-listing","mfn-news-tag-mfn","mfn-news-tag-mfn-regulatory","mfn-news-tag-mfn-ci-gm-info","mfn-news-tag-mfn-lang-sv"],"acf":[],"_links":{"self":[{"href":"https:\/\/www.profilgruppen.se\/en\/wp-json\/wp\/v2\/mfn_news\/1584","targetHints":{"allow":["GET"]}}],"collection":[{"href":"https:\/\/www.profilgruppen.se\/en\/wp-json\/wp\/v2\/mfn_news"}],"about":[{"href":"https:\/\/www.profilgruppen.se\/en\/wp-json\/wp\/v2\/types\/mfn_news"}],"wp:attachment":[{"href":"https:\/\/www.profilgruppen.se\/en\/wp-json\/wp\/v2\/media?parent=1584"}],"wp:term":[{"taxonomy":"mfn-news-tag","embeddable":true,"href":"https:\/\/www.profilgruppen.se\/en\/wp-json\/wp\/v2\/mfn-news-tag?post=1584"}],"curies":[{"name":"wp","href":"https:\/\/api.w.org\/{rel}","templated":true}]}}