{"id":1571,"date":"2021-02-11T08:00:00","date_gmt":"2021-02-11T07:00:00","guid":{"rendered":"https:\/\/www.profilgruppen.se\/mfn_news\/profilgruppens-valberedning-foreslar-ny-ordforande\/"},"modified":"2021-02-11T08:00:00","modified_gmt":"2021-02-11T07:00:00","slug":"profilgruppens-valberedning-foreslar-ny-ordforande","status":"publish","type":"mfn_news","link":"https:\/\/www.profilgruppen.se\/en\/pressmeddelanden\/profilgruppens-valberedning-foreslar-ny-ordforande\/","title":{"rendered":"ProfilGruppens valberedning f\u00f6resl\u00e5r ny ordf\u00f6rande"},"content":{"rendered":"<p class=\"mfn-wp-retain\">Valberedningen i ProfilGruppen AB f&ouml;resl&aring;r att Mats R Karlsson v&auml;ljs till ny ordf&ouml;rande f&ouml;r styrelsen i bolaget i samband med &aring;rsst&auml;mman 2021.<br \/>\nK&aring;re Wetterberg som &auml;r ProfilGruppens nuvarande ordf&ouml;rande har meddelat valberedningen att han &ouml;nskar avg&aring; efter &aring;tta &aring;r i styrelsen och han avb&ouml;jer d&auml;rf&ouml;r omval. Mats R Karlsson har l&aring;ng erfarenhet av ledarskap och styrelsearbete inom internationell industriell verksamhet med fokus p&aring; kundv&auml;rde och l&ouml;nsamhet.<\/p>\n<p class=\"mfn-wp-retain\">Valberedningen f&ouml;resl&aring;r omval av ledam&ouml;terna Bengt Stillstr&ouml;m, Monica Bellgran, J&ouml;rgen Abrahamsson och Thomas Widstrand.<\/p>\n<p class=\"mfn-wp-retain\">I Valberedningen i ProfilGruppen AB ing&aring;r Lars Johansson (ordf&ouml;rande), Bengt Stillstr&ouml;m, Mats Egeholm och K&aring;re Wetterberg.<\/p>\n<p class=\"mfn-wp-retain\">\n&nbsp;<\/p>\n<p class=\"mfn-wp-retain\"><strong>Valberedningens ordf&ouml;rande, Lars Johansson, kommenterar:<\/strong><\/p>\n<p class=\"mfn-wp-retain\"><em>&rdquo;Vi &auml;r &ouml;vertygade om att Mats R Karlsson kommer att kunna bidra till att utveckla ProfilGruppen AB under den starka expansion som bolaget st&aring;r inf&ouml;r och som K&aring;re Wetterberg varit med och lagt grunden till. Mats var under perioden 2008-2016 CEO i Axel Johnson International. Han &auml;r f&ouml;r n&auml;rvarande styrelseordf&ouml;rande f&ouml;r Askalon samt styrelseledamot i VBG och Fire Fighting Systems.&rdquo;<\/em><\/p>\n<p><\/p>\n<p class=\"mfn-wp-retain\">Pressmeddelandet inneh&aring;ller insiderinformation som ProfilGruppen &auml;r skyldigt att offentligg&ouml;ra enligt EU:s marknadsmissbruksf&ouml;rordning (EU nr 596\/2014). Informationen l&auml;mnades, genom angiven kontaktpersons f&ouml;rsorg, f&ouml;r offentligg&ouml;rande <span>2021-02-11 08:00 CET<\/span>.<\/p>\n<div class=\"mfn-footer\">\n<p class=\"mfn-wp-retain\"><span><span><span>_______________________________________________________<\/span><\/span><\/span><\/p>\n<p class=\"mfn-wp-retain\"><span><span><strong><span>F&ouml;r mer information, v&auml;nligen kontakta: <\/span><\/strong><br \/>\nLars Johansson, Valberedningens ordf&ouml;rande<\/span><\/span><br \/>\n<span><span>Mobil: 070-658 39 05<\/span><\/span><\/p>\n<\/div>\n<div class=\"mfn-footer mfn-attachment mfn-attachment-general\">\n<p class=\"mfn-wp-retain\"><strong class=\"mfn-heading-1\">Bifogade filer<\/strong><\/p>\n<hr>\n<p class=\"mfn-wp-retain\"><a class=\"mfn-primary\" href=\"https:\/\/mb.cision.com\/Main\/2130\/3284778\/1371425.pdf\" rel=\"noopener\" target=\"_blank\">Release<\/a><\/p>\n<\/div>\n<script>\n                Array.prototype.slice.call(document.querySelectorAll(\".mfn-footer.mfn-attachment\")).forEach(function (el) { el.remove() });\n            <\/script>\n        <div class=\"mfn-attachments-container\"><div class=\"mfn-attachment mfn-primary\"><a class=\"mfn-attachment-link\" href=\"https:\/\/storage.mfn.se\/proxy\/release.pdf?url=https%3A%2F%2Fmb.cision.com%2FMain%2F2130%2F3284778%2F1371425.pdf\"><span class=\"mfn-attachment-icon\"><img decoding=\"async\" src=\"https:\/\/storage.mfn.se\/proxy\/release.pdf?url=https%3A%2F%2Fmb.cision.com%2FMain%2F2130%2F3284778%2F1371425.pdf&type=jpg\"><\/span>Release<\/a><\/div><\/div>","protected":false},"excerpt":{"rendered":"<p>Valberedningen i ProfilGruppen AB f&ouml;resl&aring;r att Mats R Karlsson v&auml;ljs till ny ordf&ouml;rande f&ouml;r styrelsen i bolaget i samband med &aring;rsst&auml;mman 2021. K&aring;re Wetterberg som &auml;r ProfilGruppens nuvarande ordf&ouml;rande har meddelat valberedningen att han &ouml;nskar avg&aring; efter &aring;tta &aring;r i styrelsen och han avb&ouml;jer d&auml;rf&ouml;r omval. Mats R Karlsson har l&aring;ng erfarenhet av ledarskap och &#8230; <a title=\"ProfilGruppens valberedning f\u00f6resl\u00e5r ny ordf\u00f6rande\" class=\"read-more\" href=\"https:\/\/www.profilgruppen.se\/en\/pressmeddelanden\/profilgruppens-valberedning-foreslar-ny-ordforande\/\" aria-label=\"Read more about ProfilGruppens valberedning f\u00f6resl\u00e5r ny ordf\u00f6rande\">Read more<\/a><\/p>\n","protected":false},"template":"","mfn-news-tag":[81,44,58,43,88,52,46],"class_list":["post-1571","mfn_news","type-mfn_news","status-publish","hentry","mfn-news-tag-mfn-ci","mfn-news-tag-mfn-type-ir","mfn-news-tag-mfn-regulatory-listing","mfn-news-tag-mfn","mfn-news-tag-mfn-ci-nomination","mfn-news-tag-mfn-regulatory","mfn-news-tag-mfn-lang-sv"],"acf":[],"_links":{"self":[{"href":"https:\/\/www.profilgruppen.se\/en\/wp-json\/wp\/v2\/mfn_news\/1571","targetHints":{"allow":["GET"]}}],"collection":[{"href":"https:\/\/www.profilgruppen.se\/en\/wp-json\/wp\/v2\/mfn_news"}],"about":[{"href":"https:\/\/www.profilgruppen.se\/en\/wp-json\/wp\/v2\/types\/mfn_news"}],"wp:attachment":[{"href":"https:\/\/www.profilgruppen.se\/en\/wp-json\/wp\/v2\/media?parent=1571"}],"wp:term":[{"taxonomy":"mfn-news-tag","embeddable":true,"href":"https:\/\/www.profilgruppen.se\/en\/wp-json\/wp\/v2\/mfn-news-tag?post=1571"}],"curies":[{"name":"wp","href":"https:\/\/api.w.org\/{rel}","templated":true}]}}