{"id":1563,"date":"2021-04-20T17:40:00","date_gmt":"2021-04-20T15:40:00","guid":{"rendered":"https:\/\/www.profilgruppen.se\/mfn_news\/beslut-fran-arsstamma-2021-i-profilgruppen-ab-publ\/"},"modified":"2021-04-20T17:40:00","modified_gmt":"2021-04-20T15:40:00","slug":"beslut-fran-arsstamma-2021-i-profilgruppen-ab-publ","status":"publish","type":"mfn_news","link":"https:\/\/www.profilgruppen.se\/en\/pressmeddelanden\/beslut-fran-arsstamma-2021-i-profilgruppen-ab-publ\/","title":{"rendered":"Beslut fr\u00e5n \u00e5rsst\u00e4mma 2021 i ProfilGruppen AB (publ)"},"content":{"rendered":"<div class=\"mfn-body\">\n<p class=\"mfn-wp-retain\">Dagens &aring;rsst&auml;mma genomf&ouml;rdes med st&ouml;d av tillf&auml;lliga lagregler via postr&ouml;stning.<br \/><strong>&nbsp;<\/strong><br \/><strong>Beslut fr&aring;n st&auml;mman<\/strong><br \/>Resultatr&auml;kningen och balansr&auml;kningen samt koncernresultatr&auml;kningen och koncernbalansr&auml;kningen f&ouml;r 2020 fastst&auml;lldes.<br \/><strong>&nbsp;<\/strong><br \/><em><strong>Utdelning<\/strong><\/em><br \/>St&auml;mman beslutade att ingen utdelning f&ouml;r verksamhets&aring;ret 2020 ska utg&aring; (f&ouml;reg&aring;ende &aring;r ingen).<br \/><strong>&nbsp;<\/strong><br \/><em><strong>Val av styrelse och revisor<\/strong><\/em><br \/>Mats R Karlsson valdes som ny styrelseledamot och som styrelseordf&ouml;rande. Omval gjordes av styrelseledam&ouml;terna J&ouml;rgen Abrahamsson, Monica Bellgran, Bengt Stillstr&ouml;m och Thomas Widstrand.<\/p>\n<p class=\"mfn-wp-retain\">Bolagets revisor, Ernst &amp; Young AB omvaldes f&ouml;r det kommande &aring;ret, med Franz Lindstr&ouml;m som huvudansvarig revisor.<br \/><strong>&nbsp;<\/strong><br \/><em><strong>Arvode<\/strong><\/em><br \/>&Aring;rsst&auml;mman fastst&auml;llde styrelsearvodet f&ouml;r 2021 enligt valberedningens f&ouml;rslag. Arvode utg&aring;r d&auml;rmed enligt f&ouml;ljande:<\/p>\n<blockquote><p>400 000 kr till styrelseordf&ouml;randen<br \/>155 000 kr till envar &ouml;vrig st&auml;mmovald ledamot som inte &auml;r anst&auml;lld i koncernen.<\/p><\/blockquote>\n<p class=\"mfn-wp-retain\">Ers&auml;ttnings- och revisionsutskotten inkluderas i styrelsens arbete och s&auml;rskilt arvode f&ouml;r dessa utg&aring;r ej. Till ledam&ouml;ter och suppleanter utsedda av de anst&auml;llda utg&aring;r inget arvode.<\/p>\n<p class=\"mfn-wp-retain\">Ers&auml;ttning till revisor beslutades utg&aring; enligt godk&auml;nd r&auml;kning.<br \/>&nbsp;<br \/><em><strong>Beslut om valberedning inf&ouml;r &aring;rsst&auml;mman 2022<\/strong><\/em><br \/>&Aring;rsst&auml;mman antog det av valberedningen framlagda f&ouml;rslaget avseende hur ny valberedning ska utses inf&ouml;r &aring;rsst&auml;mman 2022.<br \/><em><strong>&nbsp;<\/strong><\/em><br \/><em><strong>&nbsp;Bemyndigande f&ouml;r styrelsen att besluta om nyemission<\/strong><\/em><br \/>&Aring;rsst&auml;mman beslutade bemyndiga styrelsen att, under tiden fram till n&auml;sta &aring;rsst&auml;mma, vid ett eller flera tillf&auml;llen, med eller utan f&ouml;retr&auml;desr&auml;tt f&ouml;r aktie&auml;garna, besluta om nyemission av h&ouml;gst 700 000 aktier, motsvarande sammanlagt cirka 9,5 procent av aktiekapitalet. Beslutet om nyemission f&aring;r inneh&aring;lla best&auml;mmelser om att emitterade aktier f&aring;r betalas med apport, genom kvittning eller i &ouml;vrigt tecknas med villkor enligt 13 kap 5 &sect; f&ouml;rsta stycket 6 aktiebolagslagen. Styrelsen bemyndigas &auml;ven att i &ouml;vrigt best&auml;mma villkoren f&ouml;r nyemissionen.<\/p>\n<p class=\"mfn-wp-retain\">Beslutet fattades med erforderlig majoritet.<\/p>\n<p class=\"mfn-wp-retain\">Syftet med bemyndigandet &auml;r att bolaget ska kunna emittera aktier som k&ouml;peskillingslikvid i samband med f&ouml;rv&auml;rv av andra f&ouml;retag eller andelar av f&ouml;retag och\/eller tillg&aring;ngar, som styrelsen bed&ouml;mer vara av v&auml;rde f&ouml;r ProfilGruppen-koncernens verksamhet, eller f&ouml;r f&ouml;rst&auml;rkning av bolagets kapitalbas.<br \/>&nbsp;<br \/><em><strong>Riktlinjer f&ouml;r ers&auml;ttning till ledande befattningshavare<\/strong><\/em><br \/>&Aring;rsst&auml;mman beslutade om riktlinjer f&ouml;r ers&auml;ttningar till ledande befattningshavare enligt styrelsens f&ouml;rslag.<br \/>&nbsp;<br \/><strong>Protokoll fr&aring;n st&auml;mman<\/strong><br \/>Justerat protokoll fr&aring;n st&auml;mman kommer att publiceras p&aring; bolagets hemsida.<br \/>&nbsp;<br \/><strong>Ekonomisk information<\/strong><br \/>Del&aring;rsrapport f&ouml;r det andra kvartalet l&auml;mnas den 15 juli 2021 klockan 14.00. Datum f&ouml;r kommande ekonomisk information finns tillg&auml;ngliga p&aring; bolagets hemsida. <br \/>&nbsp;<br \/>&Aring;seda den 20 april 2021<br \/>&nbsp;<br \/>&nbsp;Styrelsen i ProfilGruppen AB (publ)<br \/>Orgnr 556277-8943<\/p>\n<\/div>\n<div class=\"mfn-footer mfn-\">\n<p class=\"mfn-wp-retain\"><strong class=\"mfn-heading-1\">F&ouml;r mer information, v&auml;nligen kontakta:<\/strong><\/p>\n<hr>\n<p class=\"mfn-wp-retain\">K&aring;re Wetterberg, styrelseordf&ouml;rande<br \/>Mobil: 070-656 40 14<br \/>Mail:&nbsp;<a href=\"mailto:kare.wetterberg@profilgruppen.se\" target=\"_blank\" rel=\"nofollow noopener\">kare.wetterberg@profilgruppen.se<\/a><\/p>\n<p class=\"mfn-wp-retain\">Aktuell information och foto f&ouml;r fri publicering finns p&aring;&nbsp;<a target=\"_blank\" href=\"http:\/\/www.profilgruppen.se\/\" rel=\"nofollow noopener\">www.profilgruppen.se<\/a><\/p>\n<p class=\"mfn-wp-retain\">ProfilGruppen AB i sm&aring;l&auml;ndska &Aring;seda &auml;r en helhetsleverant&ouml;r av kundanpassade profiler och komponenter i aluminium. V&aring;r vision &auml;r att vi ska vara den mest eftertraktade leverant&ouml;ren&nbsp;av innovativa profill&ouml;sningar av aluminium i norra Europa.<\/p>\n<\/div>\n<div class=\"mfn-footer mfn-attachment mfn-attachment-general\">\n<p class=\"mfn-wp-retain\"><strong class=\"mfn-heading-1\">Bifogade filer<\/strong><\/p>\n<hr>\n<p class=\"mfn-wp-retain\"><a class=\"mfn-primary\" href=\"https:\/\/storage.mfn.se\/41ce66bc-cdde-438a-94f1-fc9eb57712e9\/pressmeddelande-profilgruppen-ab-beslut-fran-stamman-20-april-2021.pdf\" target=\"_blank\" rel=\"nofollow noopener\">Pressmeddelande ProfilGruppen AB &#8211; Beslut fr&aring;n st&auml;mman 20 April 2021<\/a><\/p>\n<\/div>\n<script>\n                Array.prototype.slice.call(document.querySelectorAll(\".mfn-footer.mfn-attachment\")).forEach(function (el) { el.remove() });\n            <\/script>\n        <div class=\"mfn-attachments-container\"><div class=\"mfn-attachment mfn-primary\"><a class=\"mfn-attachment-link\" href=\"https:\/\/storage.mfn.se\/41ce66bc-cdde-438a-94f1-fc9eb57712e9\/pressmeddelande-profilgruppen-ab-beslut-fran-stamman-20-april-2021.pdf\"><span class=\"mfn-attachment-icon\"><img decoding=\"async\" src=\"https:\/\/storage.mfn.se\/41ce66bc-cdde-438a-94f1-fc9eb57712e9\/pressmeddelande-profilgruppen-ab-beslut-fran-stamman-20-april-2021.pdf?type=jpg\"><\/span>Pressmeddelande ProfilGruppen AB - Beslut fr\u00e5n st\u00e4mman 20 April 2021<\/a><\/div><\/div>","protected":false},"excerpt":{"rendered":"<p>Dagens &aring;rsst&auml;mma genomf&ouml;rdes med st&ouml;d av tillf&auml;lliga lagregler via postr&ouml;stning.&nbsp;Beslut fr&aring;n st&auml;mmanResultatr&auml;kningen och balansr&auml;kningen samt koncernresultatr&auml;kningen och koncernbalansr&auml;kningen f&ouml;r 2020 fastst&auml;lldes.&nbsp;UtdelningSt&auml;mman beslutade att ingen utdelning f&ouml;r verksamhets&aring;ret 2020 ska utg&aring; (f&ouml;reg&aring;ende &aring;r ingen).&nbsp;Val av styrelse och revisorMats R Karlsson valdes som ny styrelseledamot och som styrelseordf&ouml;rande. Omval gjordes av styrelseledam&ouml;terna J&ouml;rgen Abrahamsson, Monica Bellgran, Bengt &#8230; <a title=\"Beslut fr\u00e5n \u00e5rsst\u00e4mma 2021 i ProfilGruppen AB (publ)\" class=\"read-more\" href=\"https:\/\/www.profilgruppen.se\/en\/pressmeddelanden\/beslut-fran-arsstamma-2021-i-profilgruppen-ab-publ\/\" aria-label=\"Read more about Beslut fr\u00e5n \u00e5rsst\u00e4mma 2021 i ProfilGruppen AB (publ)\">Read more<\/a><\/p>\n","protected":false},"template":"","mfn-news-tag":[81,82,44,58,94,95,97,43,52,84,46],"class_list":["post-1563","mfn_news","type-mfn_news","status-publish","hentry","mfn-news-tag-mfn-ci","mfn-news-tag-mfn-ci-gm","mfn-news-tag-mfn-type-ir","mfn-news-tag-mfn-regulatory-listing","mfn-news-tag-mfn-cus-aluminium","mfn-news-tag-mfn-cus-aluminiumprofiler","mfn-news-tag-mfn-cus-profilgruppen","mfn-news-tag-mfn","mfn-news-tag-mfn-regulatory","mfn-news-tag-mfn-ci-gm-info","mfn-news-tag-mfn-lang-sv"],"acf":[],"_links":{"self":[{"href":"https:\/\/www.profilgruppen.se\/en\/wp-json\/wp\/v2\/mfn_news\/1563","targetHints":{"allow":["GET"]}}],"collection":[{"href":"https:\/\/www.profilgruppen.se\/en\/wp-json\/wp\/v2\/mfn_news"}],"about":[{"href":"https:\/\/www.profilgruppen.se\/en\/wp-json\/wp\/v2\/types\/mfn_news"}],"wp:attachment":[{"href":"https:\/\/www.profilgruppen.se\/en\/wp-json\/wp\/v2\/media?parent=1563"}],"wp:term":[{"taxonomy":"mfn-news-tag","embeddable":true,"href":"https:\/\/www.profilgruppen.se\/en\/wp-json\/wp\/v2\/mfn-news-tag?post=1563"}],"curies":[{"name":"wp","href":"https:\/\/api.w.org\/{rel}","templated":true}]}}