{"id":1559,"date":"2021-10-19T14:00:00","date_gmt":"2021-10-19T12:00:00","guid":{"rendered":"https:\/\/www.profilgruppen.se\/mfn_news\/profilgruppen-ab-fortsatt-hog-efterfragan-trots-rekordhoga-ravarupriser\/"},"modified":"2021-10-19T14:00:00","modified_gmt":"2021-10-19T12:00:00","slug":"profilgruppen-ab-fortsatt-hog-efterfragan-trots-rekordhoga-ravarupriser","status":"publish","type":"mfn_news","link":"https:\/\/www.profilgruppen.se\/en\/pressmeddelanden\/profilgruppen-ab-fortsatt-hog-efterfragan-trots-rekordhoga-ravarupriser\/","title":{"rendered":"ProfilGruppen AB: Fortsatt h\u00f6g efterfr\u00e5gan trots rekordh\u00f6ga r\u00e5varupriser"},"content":{"rendered":"<div class=\"mfn-body\">\n<p class=\"mfn-wp-retain\"><strong>Tredje kvartalet<\/strong><br \/>&middot;&nbsp;Int&auml;kter 487,6 Mkr (324,9), upp 50 procent j&auml;mf&ouml;rt med f&ouml;reg&aring;ende &aring;r<br \/>&middot;&nbsp;R&ouml;relseresultat 39,9 Mkr (3,7), efter positiva eng&aring;ngseffekter om 24 Mkr (0)<br \/>&middot;&nbsp;R&ouml;relsemarginal 8,2 procent (1,1)<br \/>&middot;&nbsp;Nettoresultat 28,8 Mkr (0,4)<br \/>&middot;&nbsp;Kassafl&ouml;de fr&aring;n den l&ouml;pande verksamheten 45,1 Mkr (23,9), varav 0,0 Mkr (3,5) avser covid-relaterade st&ouml;d&aring;tg&auml;rder<br \/>&middot;&nbsp;Resultat per aktie 3,62 kr (-0,21)<\/p>\n<p class=\"mfn-wp-retain\"><strong>F&ouml;rsta nio m&aring;naderna<\/strong><br \/>&middot;&nbsp;Int&auml;kter 1&nbsp;490,3 Mkr (1&nbsp;042,8), upp 43 procent j&auml;mf&ouml;rt med f&ouml;reg&aring;ende &aring;r<br \/>&middot;&nbsp;R&ouml;relseresultat 123,4 Mkr (31,1), efter positiva eng&aring;ngseffekter om 51 Mkr (0)<br \/>&middot;&nbsp;R&ouml;relsemarginal 8,3 procent (3,0)<br \/>&middot;&nbsp;Nettoresultat 90,3 Mkr (16,5)<br \/>&middot;&nbsp;Kassafl&ouml;de fr&aring;n den l&ouml;pande verksamheten 129,3 Mkr (68,0), varav 0,0 Mkr (38,9) avser covid-relaterade st&ouml;d&aring;tg&auml;rder<br \/>&middot;&nbsp;Resultat per aktie 11,58 kr (1,59)<br \/>&nbsp;<br \/><strong>ProfilGruppens vd och koncernchef, Fredrik Z&ouml;&ouml;gling kommenterar:<\/strong><br \/><em>&rdquo;Kvartalet har pr&auml;glats av en turbulent r&aring;varumarknad, vilket orsakat r&aring;varubrist och drivit aluminiumpriserna till helt nya niv&aring;er. Tack vare en aktiv omv&auml;rldsbevakning har vi kunnat parera turbulensen p&aring; ett bra s&auml;tt. De positiva lagereffekter som orsakats av de &ouml;kade aluminiumpriserna har p&aring;verkat v&aring;rt resultat kraftigt i kvartalet och om prisniv&aring;n kvarst&aring;r f&ouml;rv&auml;ntar vi oss en &auml;nnu st&ouml;rre effekt i fj&auml;rde kvartalet. De f&ouml;rdubblade energipriserna i elomr&aring;de 4 har fortsatt p&aring;verkat oss negativt. V&aring;rt underliggande resultat &auml;r inte tillfredst&auml;llande och vi arbetar f&ouml;r att &ouml;ka det till en h&aring;llbar niv&aring;.<\/em><br \/><em>R&aring;varusituationen och brist p&aring; komponenter skapar viss of&ouml;ruts&auml;gbarhet p&aring; marknaden, trots detta upplever vi i nul&auml;get en fortsatt stark efterfr&aring;gan.&rdquo;<\/em><\/p>\n<\/div>\n<div class=\"mfn-footer mfn-contacts\">\n<p class=\"mfn-wp-retain\"><strong class=\"mfn-heading-1\">F&ouml;r mer information, v&auml;nligen kontakta:<\/strong><\/p>\n<hr>\n<p class=\"mfn-wp-retain\">Fredrik Z&ouml;&ouml;gling, VD och Koncernchef<br \/>Mobil: 070-932 16 50<br \/>E-post:&nbsp;<a href=\"mailto:fredrik.zoogling@profilgruppen.se\" target=\"_blank\" rel=\"nofollow noopener\">fredrik.zoogling@profilgruppen.se<\/a><br \/>&nbsp;<br \/>Niklas Danielsson, CFO<br \/>Mobil: 070-626 95 37<br \/>E-post:&nbsp;<a href=\"mailto:niklas.danielsson@profilgruppen.se\" target=\"_blank\" rel=\"nofollow noopener\">niklas.danielsson@profilgruppen.se<\/a><\/p>\n<p class=\"mfn-wp-retain\">Aktuell information och foto f&ouml;r fri publicering finns p&aring;&nbsp;<a href=\"http:\/\/www.profilgruppen.se\" target=\"_blank\" rel=\"nofollow noopener\">www.profilgruppen.se<\/a><\/p>\n<p class=\"mfn-wp-retain\">ProfilGruppen AB i sm&aring;l&auml;ndska &Aring;seda &auml;r en helhetsleverant&ouml;r av kundanpassade profiler och komponenter i aluminium. V&aring;r vision &auml;r att vi ska vara den mest eftertraktade leverant&ouml;ren&nbsp;av innovativa profill&ouml;sningar av aluminium i norra Europa.<\/p>\n<\/div>\n<div class=\"mfn-footer mfn-regulatory mfn-regulatory-mar\">\n<p class=\"mfn-wp-retain\"><em>Denna information &auml;r s&aring;dan information som ProfilGruppen AB (publ) &auml;r skyldigt att offentligg&ouml;ra enligt EU:s marknadsmissbruksf&ouml;rordning. Informationen l&auml;mnades, genom ovanst&aring;ende kontaktpersons f&ouml;rsorg, f&ouml;r offentligg&ouml;rande den 2021-10-19 14:00 CEST.<\/em><\/p>\n<\/div>\n<div class=\"mfn-footer mfn-attachment mfn-attachment-general\">\n<p class=\"mfn-wp-retain\"><strong class=\"mfn-heading-1\">Bifogade filer<\/strong><\/p>\n<hr>\n<p class=\"mfn-wp-retain\"><a href=\"https:\/\/storage.mfn.se\/a38d81f3-68d5-41f7-a9c1-0c2818e2676a\/delarsrapport-q3-2021-profilgruppen-ab-fortsatt-hog-efterfragan-trots-rekordhoga-ravarupriser.pdf\" class=\"mfn-primary\" target=\"_blank\" rel=\"nofollow noopener\">Del&aring;rsrapport Q3 2021 ProfilGruppen AB Fortsatt h&ouml;g efterfr&aring;gan trots rekordh&ouml;ga r&aring;varupriser<\/a><\/p>\n<\/div>\n<script>\n                Array.prototype.slice.call(document.querySelectorAll(\".mfn-footer.mfn-attachment\")).forEach(function (el) { el.remove() });\n            <\/script>\n        <div class=\"mfn-attachments-container\"><div class=\"mfn-attachment mfn-primary\"><a class=\"mfn-attachment-link\" href=\"https:\/\/storage.mfn.se\/a38d81f3-68d5-41f7-a9c1-0c2818e2676a\/delarsrapport-q3-2021-profilgruppen-ab-fortsatt-hog-efterfragan-trots-rekordhoga-ravarupriser.pdf\"><span class=\"mfn-attachment-icon\"><img decoding=\"async\" src=\"https:\/\/storage.mfn.se\/a38d81f3-68d5-41f7-a9c1-0c2818e2676a\/delarsrapport-q3-2021-profilgruppen-ab-fortsatt-hog-efterfragan-trots-rekordhoga-ravarupriser.pdf?type=jpg\"><\/span>Del\u00e5rsrapport Q3 2021 ProfilGruppen AB Fortsatt h\u00f6g efterfr\u00e5gan trots rekordh\u00f6ga r\u00e5varupriser<\/a><\/div><\/div>","protected":false},"excerpt":{"rendered":"<p>Tredje kvartalet&middot;&nbsp;Int&auml;kter 487,6 Mkr (324,9), upp 50 procent j&auml;mf&ouml;rt med f&ouml;reg&aring;ende &aring;r&middot;&nbsp;R&ouml;relseresultat 39,9 Mkr (3,7), efter positiva eng&aring;ngseffekter om 24 Mkr (0)&middot;&nbsp;R&ouml;relsemarginal 8,2 procent (1,1)&middot;&nbsp;Nettoresultat 28,8 Mkr (0,4)&middot;&nbsp;Kassafl&ouml;de fr&aring;n den l&ouml;pande verksamheten 45,1 Mkr (23,9), varav 0,0 Mkr (3,5) avser covid-relaterade st&ouml;d&aring;tg&auml;rder&middot;&nbsp;Resultat per aktie 3,62 kr (-0,21) F&ouml;rsta nio m&aring;naderna&middot;&nbsp;Int&auml;kter 1&nbsp;490,3 Mkr (1&nbsp;042,8), upp 43 &#8230; <a title=\"ProfilGruppen AB: Fortsatt h\u00f6g efterfr\u00e5gan trots rekordh\u00f6ga r\u00e5varupriser\" class=\"read-more\" href=\"https:\/\/www.profilgruppen.se\/en\/pressmeddelanden\/profilgruppen-ab-fortsatt-hog-efterfragan-trots-rekordhoga-ravarupriser\/\" aria-label=\"Read more about ProfilGruppen AB: Fortsatt h\u00f6g efterfr\u00e5gan trots rekordh\u00f6ga r\u00e5varupriser\">Read more<\/a><\/p>\n","protected":false},"template":"","mfn-news-tag":[61,44,53,94,95,97,43,64,52,59,46],"class_list":["post-1559","mfn_news","type-mfn_news","status-publish","hentry","mfn-news-tag-mfn-report-interim","mfn-news-tag-mfn-type-ir","mfn-news-tag-mfn-regulatory-mar","mfn-news-tag-mfn-cus-aluminium","mfn-news-tag-mfn-cus-aluminiumprofiler","mfn-news-tag-mfn-cus-profilgruppen","mfn-news-tag-mfn","mfn-news-tag-mfn-report-interim-q3","mfn-news-tag-mfn-regulatory","mfn-news-tag-mfn-report","mfn-news-tag-mfn-lang-sv"],"acf":[],"_links":{"self":[{"href":"https:\/\/www.profilgruppen.se\/en\/wp-json\/wp\/v2\/mfn_news\/1559","targetHints":{"allow":["GET"]}}],"collection":[{"href":"https:\/\/www.profilgruppen.se\/en\/wp-json\/wp\/v2\/mfn_news"}],"about":[{"href":"https:\/\/www.profilgruppen.se\/en\/wp-json\/wp\/v2\/types\/mfn_news"}],"wp:attachment":[{"href":"https:\/\/www.profilgruppen.se\/en\/wp-json\/wp\/v2\/media?parent=1559"}],"wp:term":[{"taxonomy":"mfn-news-tag","embeddable":true,"href":"https:\/\/www.profilgruppen.se\/en\/wp-json\/wp\/v2\/mfn-news-tag?post=1559"}],"curies":[{"name":"wp","href":"https:\/\/api.w.org\/{rel}","templated":true}]}}