{"id":1557,"date":"2022-01-18T11:30:00","date_gmt":"2022-01-18T10:30:00","guid":{"rendered":"https:\/\/www.profilgruppen.se\/mfn_news\/profilgruppen-ab-kvitto-pa-ett-hallbart-och-sunt-arbetssatt\/"},"modified":"2022-01-18T11:30:00","modified_gmt":"2022-01-18T10:30:00","slug":"profilgruppen-ab-kvitto-pa-ett-hallbart-och-sunt-arbetssatt","status":"publish","type":"mfn_news","link":"https:\/\/www.profilgruppen.se\/en\/pressmeddelanden\/profilgruppen-ab-kvitto-pa-ett-hallbart-och-sunt-arbetssatt\/","title":{"rendered":"ProfilGruppen AB &#8211; Kvitto p\u00e5 ett h\u00e5llbart och sunt arbetss\u00e4tt"},"content":{"rendered":"<div class=\"mfn-body\">\n<p class=\"mfn-wp-retain\">Som ett led i f&ouml;rtydligandet av sitt h&aring;llbarhetsarbete genomgick ProfilGruppen under 2021 en certifiering enligt aluminiumbranschens egen h&aring;llbarhetsstandard, vilken &auml;r utformad av Aluminium Stewardship Initiative, ASI. ASI &auml;r en global och ideell intresseorganisation som arbetar f&ouml;r aluminiums bidrag till ett h&aring;llbart samh&auml;lle och f&ouml;r att &ouml;ka branschens transparens.<br \/>&nbsp;<br \/>Den certifiering som ProfilGruppen genomg&aring;tt heter ASI Performance Standard och omfattar krav och principer r&ouml;rande s&aring;v&auml;l styrning och aff&auml;rsetik som milj&ouml; och sociala aspekter. Certifieringen omfattade flera dagars granskning av hela verksamheten och godk&auml;nnandet meddelades precis innan &aring;rsskiftet. Protokollet fr&aring;n DNV:s granskning g&ouml;rs tillg&auml;ngligt p&aring; <a href=\"http:\/\/www.aluminium-stewardship.org\" target=\"_blank\" rel=\"nofollow noopener\">www.aluminium-stewardship.org<\/a>.<br \/>&nbsp;<br \/>&nbsp;<br \/>&nbsp;<strong>ProfilGruppens vd och koncernchef, Fredrik Z&ouml;&ouml;gling, kommenterar:<\/strong><br \/><em>&rdquo;ProfilGruppen har sitt ursprung i viljan att erbjuda ett cirkul&auml;rt alternativ och har alltid varit ett ansvarstagande f&ouml;retag med h&ouml;ga ambitioner avseende omsorg om s&aring;v&auml;l milj&ouml; som individ och samh&auml;lle.<\/em><em><br \/><\/em><br \/><em>Vi vet att vi har en h&aring;llbar verksamhet, men det k&auml;nns v&auml;ldigt tillfredsst&auml;llande att ha f&aring;tt det h&auml;r kvittot fr&aring;n ASI. Nu forts&auml;tter vi str&auml;van efter st&auml;ndig utveckling och n&auml;sta niv&aring;.&rdquo;<\/em><\/p>\n<\/div>\n<div class=\"mfn-footer mfn-\">\n<hr>\n<p class=\"mfn-wp-retain\"><strong>F&ouml;r mer information, v&auml;nligen kontakta:<\/strong><br \/>Fredrik Z&ouml;&ouml;gling, VD och Koncernchef<br \/>Mobil: 070-932 16 50<br \/>E-post:&nbsp;<a href=\"mailto:fredrik.zoogling@profilgruppen.se\" target=\"_blank\" rel=\"nofollow noopener\">fredrik.zoogling@profilgruppen.se<\/a><br \/>&nbsp;<br \/>Aktuell information och foto f&ouml;r fri publicering finns p&aring;&nbsp;<a href=\"http:\/\/www.profilgruppen.se\/\" target=\"_blank\" rel=\"nofollow noopener\">www.profilgruppen.se<\/a>.<\/p>\n<p class=\"mfn-wp-retain\">ProfilGruppen AB i sm&aring;l&auml;ndska &Aring;seda &auml;r en helhetsleverant&ouml;r av kundanpassade profiler och komponenter i aluminium. V&aring;r vision &auml;r att vi ska vara den mest eftertraktade leverant&ouml;ren&nbsp;av innovativa profill&ouml;sningar av aluminium i norra Europa.<\/p>\n<\/div>\n<div class=\"mfn-footer mfn-attachment mfn-attachment-general\">\n<p class=\"mfn-wp-retain\"><strong class=\"mfn-heading-1\">Bifogade filer<\/strong><\/p>\n<hr>\n<p class=\"mfn-wp-retain\"><a href=\"https:\/\/storage.mfn.se\/f6193f3c-8426-40cc-a996-ad08b71f3878\/profilgruppen-ab-kvitto-pa-ett-hallbart-och-sunt-arbetssatt.pdf\" class=\"mfn-primary\" target=\"_blank\" rel=\"nofollow noopener\">ProfilGruppen AB &#8211; Kvitto p&aring; ett h&aring;llbart och sunt arbetss&auml;tt<\/a><\/p>\n<\/div>\n<script>\n                Array.prototype.slice.call(document.querySelectorAll(\".mfn-footer.mfn-attachment\")).forEach(function (el) { el.remove() });\n            <\/script>\n        <div class=\"mfn-attachments-container\"><div class=\"mfn-attachment mfn-primary\"><a class=\"mfn-attachment-link\" href=\"https:\/\/storage.mfn.se\/f6193f3c-8426-40cc-a996-ad08b71f3878\/profilgruppen-ab-kvitto-pa-ett-hallbart-och-sunt-arbetssatt.pdf\"><span class=\"mfn-attachment-icon\"><img decoding=\"async\" src=\"https:\/\/storage.mfn.se\/f6193f3c-8426-40cc-a996-ad08b71f3878\/profilgruppen-ab-kvitto-pa-ett-hallbart-och-sunt-arbetssatt.pdf?type=jpg\"><\/span>ProfilGruppen AB - Kvitto p\u00e5 ett h\u00e5llbart och sunt arbetss\u00e4tt<\/a><\/div><\/div>","protected":false},"excerpt":{"rendered":"<p>Som ett led i f&ouml;rtydligandet av sitt h&aring;llbarhetsarbete genomgick ProfilGruppen under 2021 en certifiering enligt aluminiumbranschens egen h&aring;llbarhetsstandard, vilken &auml;r utformad av Aluminium Stewardship Initiative, ASI. ASI &auml;r en global och ideell intresseorganisation som arbetar f&ouml;r aluminiums bidrag till ett h&aring;llbart samh&auml;lle och f&ouml;r att &ouml;ka branschens transparens.&nbsp;Den certifiering som ProfilGruppen genomg&aring;tt heter ASI Performance &#8230; <a title=\"ProfilGruppen AB &#8211; Kvitto p\u00e5 ett h\u00e5llbart och sunt arbetss\u00e4tt\" class=\"read-more\" href=\"https:\/\/www.profilgruppen.se\/en\/pressmeddelanden\/profilgruppen-ab-kvitto-pa-ett-hallbart-och-sunt-arbetssatt\/\" aria-label=\"Read more about ProfilGruppen AB &#8211; Kvitto p\u00e5 ett h\u00e5llbart och sunt arbetss\u00e4tt\">Read more<\/a><\/p>\n","protected":false},"template":"","mfn-news-tag":[81,44,94,95,97,43,85,46],"class_list":["post-1557","mfn_news","type-mfn_news","status-publish","hentry","mfn-news-tag-mfn-ci","mfn-news-tag-mfn-type-ir","mfn-news-tag-mfn-cus-aluminium","mfn-news-tag-mfn-cus-aluminiumprofiler","mfn-news-tag-mfn-cus-profilgruppen","mfn-news-tag-mfn","mfn-news-tag-mfn-ci-other","mfn-news-tag-mfn-lang-sv"],"acf":[],"_links":{"self":[{"href":"https:\/\/www.profilgruppen.se\/en\/wp-json\/wp\/v2\/mfn_news\/1557","targetHints":{"allow":["GET"]}}],"collection":[{"href":"https:\/\/www.profilgruppen.se\/en\/wp-json\/wp\/v2\/mfn_news"}],"about":[{"href":"https:\/\/www.profilgruppen.se\/en\/wp-json\/wp\/v2\/types\/mfn_news"}],"wp:attachment":[{"href":"https:\/\/www.profilgruppen.se\/en\/wp-json\/wp\/v2\/media?parent=1557"}],"wp:term":[{"taxonomy":"mfn-news-tag","embeddable":true,"href":"https:\/\/www.profilgruppen.se\/en\/wp-json\/wp\/v2\/mfn-news-tag?post=1557"}],"curies":[{"name":"wp","href":"https:\/\/api.w.org\/{rel}","templated":true}]}}