{"id":1546,"date":"2022-04-22T09:30:00","date_gmt":"2022-04-22T07:30:00","guid":{"rendered":"https:\/\/www.profilgruppen.se\/mfn_news\/profilgruppen-ab-valberedningen-foreslar-ny-ordforande\/"},"modified":"2022-04-22T09:30:00","modified_gmt":"2022-04-22T07:30:00","slug":"profilgruppen-ab-valberedningen-foreslar-ny-ordforande","status":"publish","type":"mfn_news","link":"https:\/\/www.profilgruppen.se\/en\/pressmeddelanden\/profilgruppen-ab-valberedningen-foreslar-ny-ordforande\/","title":{"rendered":"ProfilGruppen AB &#8211; Valberedningen f\u00f6resl\u00e5r ny ordf\u00f6rande"},"content":{"rendered":"<div class=\"mfn-body\">\n<p class=\"mfn-wp-retain\">Valberedningen i ProfilGruppen AB f&ouml;resl&aring;r att Klaus J&uuml;rgen Wiemers v&auml;ljs till ny styrelseordf&ouml;rande i bolaget vid &aring;rsst&auml;mman den 26 april 2022. Valberedningen har sedan tidigare f&ouml;reslagit nyval till styrelsen av ledam&ouml;terna Tomas Berggren, Anders Birgersson och Mari Kadowaki, samt omval av Bengt Stillstr&ouml;m. Valberedningen kompletterar h&auml;rmed sitt f&ouml;rslag. En presentation av samtliga f&ouml;reslagna ledam&ouml;ter finns tillg&auml;nglig p&aring; <a target=\"_blank\" href=\"http:\/\/www.profilgruppen.se\" rel=\"nofollow noopener\">www.profilgruppen.se<\/a>.<\/p>\n<p class=\"mfn-wp-retain\">Klaus J&uuml;rgen Wiemers &auml;r f&ouml;dd 1961 och har l&aring;ng erfarenhet av ledarskap och styrelsearbete inom internationell industriell verksamhet. Han har bland annat varit vd i Robert Bosch Filial Sweden och styrelsemedlem i Robert Bosch AB Sweden. Dessf&ouml;rinnan var Klaus J&uuml;rgen Wiemers senior vice president, f&ouml;rs&auml;ljningschef och projektledare med olika placeringar inom Boschkoncernen.<\/p>\n<p class=\"mfn-wp-retain\">I valberedningen inf&ouml;r &aring;rets st&auml;mma ing&aring;r Lars Johansson, aktie&auml;gare (ordf&ouml;rande), Bengt Stillstr&ouml;m, Ringv&auml;gen Venture AB, Mats Egeholm, aktie&auml;gare och Mats R Karlsson, styrelseordf&ouml;rande.<br \/>&nbsp;<br \/>&nbsp;<br \/>Valberedningens ordf&ouml;rande, Lars Johansson, kommenterar:<br \/><em>&rdquo;Klaus J&uuml;rgen Wiemers har en kompetens och en internationell industriell bakgrund som kommer att vara till god nytta f&ouml;r ProfilGruppen AB.&rdquo;<\/em><\/p>\n<\/div>\n<div class=\"mfn-footer\">\n<p class=\"mfn-wp-retain\"><strong class=\"mfn-heading-1\">F&ouml;r mer information, v&auml;nligen kontakta:<\/strong><\/p>\n<hr>\n<p class=\"mfn-wp-retain\">Lars Johansson, Valberedningens ordf&ouml;rande<br \/>Tel: 070-658 39 05<\/p>\n<p class=\"mfn-wp-retain\">Aktuell information och foto f&ouml;r fri publicering finns p&aring;&nbsp;<a href=\"http:\/\/www.profilgruppen.se\/\" target=\"_blank\" rel=\"nofollow noopener\">www.profilgruppen.se<\/a>.<\/p>\n<p class=\"mfn-wp-retain\">ProfilGruppen AB i sm&aring;l&auml;ndska &Aring;seda &auml;r en helhetsleverant&ouml;r av kundanpassade profiler och komponenter i aluminium. V&aring;r vision &auml;r att vi ska vara den mest eftertraktade leverant&ouml;ren&nbsp;av innovativa profill&ouml;sningar av aluminium i norra Europa.<\/p>\n<\/div>\n<div class=\"mfn-footer mfn-regulatory mfn-regulatory-mar\">\n<p class=\"mfn-wp-retain\"><em>Denna information &auml;r s&aring;dan information som ProfilGruppen AB (publ) &auml;r skyldigt att offentligg&ouml;ra enligt EU:s marknadsmissbruksf&ouml;rordning. Informationen l&auml;mnades, genom ovanst&aring;ende kontaktpersons f&ouml;rsorg, f&ouml;r offentligg&ouml;rande den 2022-04-22 09:30 CEST.<\/em><\/p>\n<\/div>\n<div class=\"mfn-footer mfn-attachment mfn-attachment-general\">\n<p class=\"mfn-wp-retain\"><strong class=\"mfn-heading-1\">Bifogade filer<\/strong><\/p>\n<hr>\n<p class=\"mfn-wp-retain\"><a class=\"mfn-primary\" href=\"https:\/\/storage.mfn.se\/e8e740e9-8a34-4a9d-b1c9-bb2bdce79a93\/profilgruppen-ab-valberedningen-foreslar-ny-ordforande.pdf\" target=\"_blank\" rel=\"nofollow noopener\">ProfilGruppen AB &#8211; Valberedningen f&ouml;resl&aring;r ny ordf&ouml;rande<\/a><\/p>\n<\/div>\n<script>\n                Array.prototype.slice.call(document.querySelectorAll(\".mfn-footer.mfn-attachment\")).forEach(function (el) { el.remove() });\n            <\/script>\n        <div class=\"mfn-attachments-container\"><div class=\"mfn-attachment mfn-primary\"><a class=\"mfn-attachment-link\" href=\"https:\/\/storage.mfn.se\/e8e740e9-8a34-4a9d-b1c9-bb2bdce79a93\/profilgruppen-ab-valberedningen-foreslar-ny-ordforande.pdf\"><span class=\"mfn-attachment-icon\"><img decoding=\"async\" src=\"https:\/\/storage.mfn.se\/e8e740e9-8a34-4a9d-b1c9-bb2bdce79a93\/profilgruppen-ab-valberedningen-foreslar-ny-ordforande.pdf?type=jpg\"><\/span>ProfilGruppen AB - Valberedningen f\u00f6resl\u00e5r ny ordf\u00f6rande<\/a><\/div><\/div>","protected":false},"excerpt":{"rendered":"<p>Valberedningen i ProfilGruppen AB f&ouml;resl&aring;r att Klaus J&uuml;rgen Wiemers v&auml;ljs till ny styrelseordf&ouml;rande i bolaget vid &aring;rsst&auml;mman den 26 april 2022. Valberedningen har sedan tidigare f&ouml;reslagit nyval till styrelsen av ledam&ouml;terna Tomas Berggren, Anders Birgersson och Mari Kadowaki, samt omval av Bengt Stillstr&ouml;m. Valberedningen kompletterar h&auml;rmed sitt f&ouml;rslag. En presentation av samtliga f&ouml;reslagna ledam&ouml;ter finns &#8230; <a title=\"ProfilGruppen AB &#8211; Valberedningen f\u00f6resl\u00e5r ny ordf\u00f6rande\" class=\"read-more\" href=\"https:\/\/www.profilgruppen.se\/en\/pressmeddelanden\/profilgruppen-ab-valberedningen-foreslar-ny-ordforande\/\" aria-label=\"Read more about ProfilGruppen AB &#8211; Valberedningen f\u00f6resl\u00e5r ny ordf\u00f6rande\">Read more<\/a><\/p>\n","protected":false},"template":"","mfn-news-tag":[81,44,53,43,52,93,46],"class_list":["post-1546","mfn_news","type-mfn_news","status-publish","hentry","mfn-news-tag-mfn-ci","mfn-news-tag-mfn-type-ir","mfn-news-tag-mfn-regulatory-mar","mfn-news-tag-mfn","mfn-news-tag-mfn-regulatory","mfn-news-tag-mfn-ci-staff","mfn-news-tag-mfn-lang-sv"],"acf":[],"_links":{"self":[{"href":"https:\/\/www.profilgruppen.se\/en\/wp-json\/wp\/v2\/mfn_news\/1546","targetHints":{"allow":["GET"]}}],"collection":[{"href":"https:\/\/www.profilgruppen.se\/en\/wp-json\/wp\/v2\/mfn_news"}],"about":[{"href":"https:\/\/www.profilgruppen.se\/en\/wp-json\/wp\/v2\/types\/mfn_news"}],"wp:attachment":[{"href":"https:\/\/www.profilgruppen.se\/en\/wp-json\/wp\/v2\/media?parent=1546"}],"wp:term":[{"taxonomy":"mfn-news-tag","embeddable":true,"href":"https:\/\/www.profilgruppen.se\/en\/wp-json\/wp\/v2\/mfn-news-tag?post=1546"}],"curies":[{"name":"wp","href":"https:\/\/api.w.org\/{rel}","templated":true}]}}