{"id":1543,"date":"2022-07-08T15:30:00","date_gmt":"2022-07-08T13:30:00","guid":{"rendered":"https:\/\/www.profilgruppen.se\/mfn_news\/kraftigt-forbattrat-rorelseresultat-i-andra-kvartalet-pa-grund-av-ravaruhantering\/"},"modified":"2022-07-08T15:30:00","modified_gmt":"2022-07-08T13:30:00","slug":"kraftigt-forbattrat-rorelseresultat-i-andra-kvartalet-pa-grund-av-ravaruhantering","status":"publish","type":"mfn_news","link":"https:\/\/www.profilgruppen.se\/en\/pressmeddelanden\/kraftigt-forbattrat-rorelseresultat-i-andra-kvartalet-pa-grund-av-ravaruhantering\/","title":{"rendered":"Kraftigt f\u00f6rb\u00e4ttrat r\u00f6relseresultat i andra kvartalet p\u00e5 grund av r\u00e5varuhantering"},"content":{"rendered":"<div class=\"mfn-body\">\n<p class=\"mfn-wp-retain\">ProfilGruppens prelimin&auml;ra bokslut visar p&aring; en v&auml;sentlig resultatf&ouml;rb&auml;ttring i andra kvartalet 2022. R&ouml;relseresultatet f&ouml;rv&auml;ntas uppg&aring; till cirka 80 Mkr efter en positiv effekt om 40 Mkr genererad av bolagets r&aring;varuhantering p&aring; en volatil marknad med kraftigt fallande aluminiumpris. F&ouml;ruts&auml;ttningarna f&ouml;r motsvarande effekt i kommande kvartal saknas.<\/p>\n<\/div>\n<div class=\"mfn-footer mfn-10437984ff49\">\n<hr>\n<p class=\"mfn-wp-retain\"><strong>F&ouml;r mer information, v&auml;nligen kontakta:<\/strong><br \/>Fredrik Z&ouml;&ouml;gling, VD och Koncernchef<br \/>Mobil: 070-932 16 50<br \/>E-post:&nbsp;<a href=\"mailto:fredrik.zoogling@profilgruppen.se\" target=\"_blank\" rel=\"nofollow noopener\">fredrik.zoogling@profilgruppen.se<\/a><br \/>&nbsp;<br \/>Aktuell information och foto f&ouml;r fri publicering finns p&aring;&nbsp;<a target=\"_blank\" href=\"http:\/\/www.profilgruppen.se\/\" rel=\"nofollow noopener\">www.profilgruppen.se<\/a>.<\/p>\n<p class=\"mfn-wp-retain\">ProfilGruppen AB i sm&aring;l&auml;ndska &Aring;seda &auml;r en helhetsleverant&ouml;r av kundanpassade profiler och komponenter i aluminium. V&aring;r vision &auml;r att vi ska vara den mest eftertraktade leverant&ouml;ren&nbsp;av innovativa profill&ouml;sningar av aluminium i norra Europa.<\/p>\n<\/div>\n<div class=\"mfn-footer mfn-regulatory mfn-regulatory-mar-vpml\">\n<p class=\"mfn-wp-retain\"><em>Denna information &auml;r s&aring;dan information som ProfilGruppen AB (publ) &auml;r skyldigt att offentligg&ouml;ra enligt EU:s marknadsmissbruksf&ouml;rordning och lagen om v&auml;rdepappersmarknaden. Informationen l&auml;mnades, genom ovanst&aring;ende kontaktpersons f&ouml;rsorg, f&ouml;r offentligg&ouml;rande den 2022-07-08 15:30 CEST.<\/em><\/p>\n<\/div>\n<div class=\"mfn-footer mfn-attachment mfn-attachment-general\">\n<p class=\"mfn-wp-retain\"><strong class=\"mfn-heading-1\">Bifogade filer<\/strong><\/p>\n<hr>\n<p class=\"mfn-wp-retain\"><a class=\"mfn-primary\" href=\"https:\/\/storage.mfn.se\/f7f04715-6880-45c8-a33c-41d4afe145aa\/profilgruppen-ab-kraftigt-forbattrat-rorelseresultat-i-andra-kvartalet-pa-grund-av-ravaruhantering.pdf\" target=\"_blank\" rel=\"nofollow noopener\">ProfilGruppen AB &#8211; Kraftigt f&ouml;rb&auml;ttrat r&ouml;relseresultat i andra kvartalet p&aring; grund av r&aring;varuhantering<\/a><\/p>\n<\/div>\n<script>\n                Array.prototype.slice.call(document.querySelectorAll(\".mfn-footer.mfn-attachment\")).forEach(function (el) { el.remove() });\n            <\/script>\n        <div class=\"mfn-attachments-container\"><div class=\"mfn-attachment mfn-primary\"><a class=\"mfn-attachment-link\" href=\"https:\/\/storage.mfn.se\/f7f04715-6880-45c8-a33c-41d4afe145aa\/profilgruppen-ab-kraftigt-forbattrat-rorelseresultat-i-andra-kvartalet-pa-grund-av-ravaruhantering.pdf\"><span class=\"mfn-attachment-icon\"><img decoding=\"async\" src=\"https:\/\/storage.mfn.se\/f7f04715-6880-45c8-a33c-41d4afe145aa\/profilgruppen-ab-kraftigt-forbattrat-rorelseresultat-i-andra-kvartalet-pa-grund-av-ravaruhantering.pdf?type=jpg\"><\/span>ProfilGruppen AB - Kraftigt f\u00f6rb\u00e4ttrat r\u00f6relseresultat i andra kvartalet p\u00e5 grund av r\u00e5varuhantering<\/a><\/div><\/div>","protected":false},"excerpt":{"rendered":"<p>ProfilGruppens prelimin&auml;ra bokslut visar p&aring; en v&auml;sentlig resultatf&ouml;rb&auml;ttring i andra kvartalet 2022. R&ouml;relseresultatet f&ouml;rv&auml;ntas uppg&aring; till cirka 80 Mkr efter en positiv effekt om 40 Mkr genererad av bolagets r&aring;varuhantering p&aring; en volatil marknad med kraftigt fallande aluminiumpris. F&ouml;ruts&auml;ttningarna f&ouml;r motsvarande effekt i kommande kvartal saknas. F&ouml;r mer information, v&auml;nligen kontakta:Fredrik Z&ouml;&ouml;gling, VD och KoncernchefMobil: &#8230; <a title=\"Kraftigt f\u00f6rb\u00e4ttrat r\u00f6relseresultat i andra kvartalet p\u00e5 grund av r\u00e5varuhantering\" class=\"read-more\" href=\"https:\/\/www.profilgruppen.se\/en\/pressmeddelanden\/kraftigt-forbattrat-rorelseresultat-i-andra-kvartalet-pa-grund-av-ravaruhantering\/\" aria-label=\"Read more about Kraftigt f\u00f6rb\u00e4ttrat r\u00f6relseresultat i andra kvartalet p\u00e5 grund av r\u00e5varuhantering\">Read more<\/a><\/p>\n","protected":false},"template":"","mfn-news-tag":[81,44,53,94,95,97,43,85,52,46,54],"class_list":["post-1543","mfn_news","type-mfn_news","status-publish","hentry","mfn-news-tag-mfn-ci","mfn-news-tag-mfn-type-ir","mfn-news-tag-mfn-regulatory-mar","mfn-news-tag-mfn-cus-aluminium","mfn-news-tag-mfn-cus-aluminiumprofiler","mfn-news-tag-mfn-cus-profilgruppen","mfn-news-tag-mfn","mfn-news-tag-mfn-ci-other","mfn-news-tag-mfn-regulatory","mfn-news-tag-mfn-lang-sv","mfn-news-tag-mfn-regulatory-vpml"],"acf":[],"_links":{"self":[{"href":"https:\/\/www.profilgruppen.se\/en\/wp-json\/wp\/v2\/mfn_news\/1543","targetHints":{"allow":["GET"]}}],"collection":[{"href":"https:\/\/www.profilgruppen.se\/en\/wp-json\/wp\/v2\/mfn_news"}],"about":[{"href":"https:\/\/www.profilgruppen.se\/en\/wp-json\/wp\/v2\/types\/mfn_news"}],"wp:attachment":[{"href":"https:\/\/www.profilgruppen.se\/en\/wp-json\/wp\/v2\/media?parent=1543"}],"wp:term":[{"taxonomy":"mfn-news-tag","embeddable":true,"href":"https:\/\/www.profilgruppen.se\/en\/wp-json\/wp\/v2\/mfn-news-tag?post=1543"}],"curies":[{"name":"wp","href":"https:\/\/api.w.org\/{rel}","templated":true}]}}