{"id":1524,"date":"2022-10-28T21:15:00","date_gmt":"2022-10-28T19:15:00","guid":{"rendered":"https:\/\/www.profilgruppen.se\/mfn_news\/profilgruppens-ordforande-avgar-pa-egen-begaran\/"},"modified":"2022-10-28T21:15:00","modified_gmt":"2022-10-28T19:15:00","slug":"profilgruppens-ordforande-avgar-pa-egen-begaran","status":"publish","type":"mfn_news","link":"https:\/\/www.profilgruppen.se\/en\/pressmeddelanden\/profilgruppens-ordforande-avgar-pa-egen-begaran\/","title":{"rendered":"ProfilGruppens ordf\u00f6rande avg\u00e5r p\u00e5 egen beg\u00e4ran"},"content":{"rendered":"<div class=\"mfn-body\">\n<p class=\"mfn-wp-retain\">ProfilGruppens styrelseordf&ouml;rande Klaus J&uuml;rgen Wiemers har meddelat &ouml;vriga styrelsen och valberedningen sin avsikt att uttr&auml;da ur ProfilGruppens styrelse p&aring; egen beg&auml;ran. Han l&auml;mnar styrelsen och uppdraget som styrelseordf&ouml;rande den 30 oktober 2022.<br \/>&nbsp;<br \/>Ny ordf&ouml;rande kommer att v&auml;ljas vid extra bolagsst&auml;mma den 31 oktober.<br \/>&nbsp;<br \/>Klaus har varit styrelseordf&ouml;rande sedan april 2022 och &ouml;vriga styrelsen och ledningen tackar honom f&ouml;r hans goda insatser.<br \/>&nbsp;<br \/>&nbsp;<br \/>Klaus Wiemers kommenterar:<br \/><em>&rdquo;Jag hade g&auml;rna fortsatt att jobba f&ouml;r ProfilGruppen och att g&ouml;ra det jag tycker &auml;r b&auml;st f&ouml;r f&ouml;retaget. Detta &auml;r tyv&auml;rr inte l&auml;ngre m&ouml;jligt eftersom jag inte har den st&ouml;rsta aktie&auml;garens f&ouml;rtroende, vilket grundar sig i olika uppfattningar om avgr&auml;nsningen mellan rollerna som styrelseledamot och aktie&auml;gare. Jag &auml;r stolt &ouml;ver vad vi har &aring;stadkommit under de senaste m&aring;naderna och tackar styrelsen, ledningsgruppen och medarbetare f&ouml;r bra samarbete. Jag &ouml;nskar alla p&aring; ProfilGruppen all framg&aring;ng.&#8221;<\/em><\/p>\n<\/div>\n<div class=\"mfn-footer mfn-32376e47fb23\">\n<p class=\"mfn-wp-retain\"><strong class=\"mfn-heading-1\">F&ouml;r mer information, v&auml;nligen kontakta:<\/strong><\/p>\n<hr>\n<p class=\"mfn-wp-retain\">Klaus Wiemers, Styrelsens ordf&ouml;rande<br \/>Tel: +46 (0) 73-382 00 12<br \/>E-mail:&nbsp;klaus.wiemers@profilgruppen.se<\/p>\n<p class=\"mfn-wp-retain\">Aktuell information och foto f&ouml;r fri publicering finns p&aring;&nbsp;<a href=\"http:\/\/www.profilgruppen.se\/\" target=\"_blank\" rel=\"nofollow noopener\">www.profilgruppen.se<\/a><\/p>\n<p class=\"mfn-wp-retain\">ProfilGruppen AB i sm&aring;l&auml;ndska &Aring;seda &auml;r en helhetsleverant&ouml;r av kundanpassade profiler och komponenter i aluminium. V&aring;r vision &auml;r att vi ska vara den mest eftertraktade leverant&ouml;ren&nbsp;av innovativa profill&ouml;sningar av aluminium i norra Europa.<\/p>\n<\/div>\n<div class=\"mfn-footer mfn-attachment mfn-attachment-general\">\n<p class=\"mfn-wp-retain\"><strong class=\"mfn-heading-1\">Bifogade filer<\/strong><\/p>\n<hr>\n<p class=\"mfn-wp-retain\"><a href=\"https:\/\/storage.mfn.se\/5b4425ac-d84f-4e90-b9bb-b309a03a9196\/profilgruppens-ordforande-avgar-pa-egen-begaran.pdf\" class=\"mfn-primary\" target=\"_blank\" rel=\"nofollow noopener\">ProfilGruppens ordf&ouml;rande avg&aring;r p&aring; egen beg&auml;ran<\/a><\/p>\n<\/div>\n<script>\n                Array.prototype.slice.call(document.querySelectorAll(\".mfn-footer.mfn-attachment\")).forEach(function (el) { el.remove() });\n            <\/script>\n        <div class=\"mfn-attachments-container\"><div class=\"mfn-attachment mfn-primary\"><a class=\"mfn-attachment-link\" href=\"https:\/\/storage.mfn.se\/5b4425ac-d84f-4e90-b9bb-b309a03a9196\/profilgruppens-ordforande-avgar-pa-egen-begaran.pdf\"><span class=\"mfn-attachment-icon\"><img decoding=\"async\" src=\"https:\/\/storage.mfn.se\/5b4425ac-d84f-4e90-b9bb-b309a03a9196\/profilgruppens-ordforande-avgar-pa-egen-begaran.pdf?type=jpg\"><\/span>ProfilGruppens ordf\u00f6rande avg\u00e5r p\u00e5 egen beg\u00e4ran<\/a><\/div><\/div>","protected":false},"excerpt":{"rendered":"<p>ProfilGruppens styrelseordf&ouml;rande Klaus J&uuml;rgen Wiemers har meddelat &ouml;vriga styrelsen och valberedningen sin avsikt att uttr&auml;da ur ProfilGruppens styrelse p&aring; egen beg&auml;ran. Han l&auml;mnar styrelsen och uppdraget som styrelseordf&ouml;rande den 30 oktober 2022.&nbsp;Ny ordf&ouml;rande kommer att v&auml;ljas vid extra bolagsst&auml;mma den 31 oktober.&nbsp;Klaus har varit styrelseordf&ouml;rande sedan april 2022 och &ouml;vriga styrelsen och ledningen tackar honom &#8230; <a title=\"ProfilGruppens ordf\u00f6rande avg\u00e5r p\u00e5 egen beg\u00e4ran\" class=\"read-more\" href=\"https:\/\/www.profilgruppen.se\/en\/pressmeddelanden\/profilgruppens-ordforande-avgar-pa-egen-begaran\/\" aria-label=\"Read more about ProfilGruppens ordf\u00f6rande avg\u00e5r p\u00e5 egen beg\u00e4ran\">Read more<\/a><\/p>\n","protected":false},"template":"","mfn-news-tag":[81,44,43,85,46],"class_list":["post-1524","mfn_news","type-mfn_news","status-publish","hentry","mfn-news-tag-mfn-ci","mfn-news-tag-mfn-type-ir","mfn-news-tag-mfn","mfn-news-tag-mfn-ci-other","mfn-news-tag-mfn-lang-sv"],"acf":[],"_links":{"self":[{"href":"https:\/\/www.profilgruppen.se\/en\/wp-json\/wp\/v2\/mfn_news\/1524","targetHints":{"allow":["GET"]}}],"collection":[{"href":"https:\/\/www.profilgruppen.se\/en\/wp-json\/wp\/v2\/mfn_news"}],"about":[{"href":"https:\/\/www.profilgruppen.se\/en\/wp-json\/wp\/v2\/types\/mfn_news"}],"wp:attachment":[{"href":"https:\/\/www.profilgruppen.se\/en\/wp-json\/wp\/v2\/media?parent=1524"}],"wp:term":[{"taxonomy":"mfn-news-tag","embeddable":true,"href":"https:\/\/www.profilgruppen.se\/en\/wp-json\/wp\/v2\/mfn-news-tag?post=1524"}],"curies":[{"name":"wp","href":"https:\/\/api.w.org\/{rel}","templated":true}]}}