{"id":1499,"date":"2023-07-13T14:41:00","date_gmt":"2023-07-13T12:41:00","guid":{"rendered":"https:\/\/www.profilgruppen.se\/mfn_news\/andrad-tidpunkt-for-delarsrapportering-andra-kvartalet-2023\/"},"modified":"2023-07-13T14:41:00","modified_gmt":"2023-07-13T12:41:00","slug":"andrad-tidpunkt-for-delarsrapportering-andra-kvartalet-2023","status":"publish","type":"mfn_news","link":"https:\/\/www.profilgruppen.se\/en\/pressmeddelanden\/andrad-tidpunkt-for-delarsrapportering-andra-kvartalet-2023\/","title":{"rendered":"\u00c4ndrad tidpunkt f\u00f6r del\u00e5rsrapportering andra kvartalet 2023"},"content":{"rendered":"<div class=\"mfn-body\">\n<p class=\"mfn-wp-retain\">Tidpunkten f&ouml;r del&aring;rsrapportering f&ouml;r andra kvartalet 2023 &auml;ndras till den 13 juli 2023 kl 19.00.<\/p>\n<\/div>\n<div class=\"mfn-footer mfn-bbc1e6fb702a\">\n<p class=\"mfn-wp-retain\"><strong class=\"mfn-heading-1\">F&ouml;r mer information, v&auml;nligen kontakta:<\/strong><\/p>\n<hr>\n<p class=\"mfn-wp-retain\">Jonny Sandstedt, CFO &amp; tf VD och Koncernchef<br \/>Mobil: 073-415 44 25<br \/>E-post:&nbsp;<a href=\"mailto:jonny.sandstedt@profilgruppen.se\" rel=\"noopener\" target=\"_blank\">jonny.sandstedt@profilgruppen.se<\/a><br \/>&nbsp;<br \/>Aktuell information och foto f&ouml;r fri publicering finns p&aring;&nbsp;<a href=\"http:\/\/www.profilgruppen.se\/\" rel=\"noopener\" target=\"_blank\">www.profilgruppen.se<\/a>.<br \/>ProfilGruppen AB i sm&aring;l&auml;ndska &Aring;seda &auml;r en helhetsleverant&ouml;r av kundanpassade profiler och komponenter i aluminium. V&aring;r vision &auml;r att vi ska vara den mest eftertraktade leverant&ouml;ren&nbsp;av innovativa profill&ouml;sningar av aluminium i norra Europa.<\/p>\n<\/div>\n<div class=\"mfn-footer mfn-attachment mfn-attachment-general\">\n<p class=\"mfn-wp-retain\"><strong class=\"mfn-heading-1\">Bifogade filer<\/strong><\/p>\n<hr>\n<p class=\"mfn-wp-retain\"><a class=\"mfn-generated mfn-primary\" href=\"https:\/\/storage.mfn.se\/ade0064e-df90-4d5e-8e9b-24b2578a666b\/andrad-tidpunkt-for-delarsrapportering-andra-kvartalet-2023.pdf\" rel=\"noopener\" target=\"_blank\">&Auml;ndrad tidpunkt f&ouml;r del&aring;rsrapportering andra kvartalet 2023<\/a><\/p>\n<\/div>\n<script>\n                Array.prototype.slice.call(document.querySelectorAll(\".mfn-footer.mfn-attachment\")).forEach(function (el) { el.remove() });\n            <\/script>\n        <div class=\"mfn-attachments-container\"><div class=\"mfn-attachment mfn-primary\"><a class=\"mfn-attachment-link\" href=\"https:\/\/storage.mfn.se\/ade0064e-df90-4d5e-8e9b-24b2578a666b\/andrad-tidpunkt-for-delarsrapportering-andra-kvartalet-2023.pdf\"><span class=\"mfn-attachment-icon\"><img decoding=\"async\" src=\"https:\/\/storage.mfn.se\/ade0064e-df90-4d5e-8e9b-24b2578a666b\/andrad-tidpunkt-for-delarsrapportering-andra-kvartalet-2023.pdf?type=jpg\"><\/span>\u00c4ndrad tidpunkt f\u00f6r del\u00e5rsrapportering andra kvartalet 2023<\/a><\/div><\/div>","protected":false},"excerpt":{"rendered":"<p>Tidpunkten f&ouml;r del&aring;rsrapportering f&ouml;r andra kvartalet 2023 &auml;ndras till den 13 juli 2023 kl 19.00. F&ouml;r mer information, v&auml;nligen kontakta: Jonny Sandstedt, CFO &amp; tf VD och KoncernchefMobil: 073-415 44 25E-post:&nbsp;jonny.sandstedt@profilgruppen.se&nbsp;Aktuell information och foto f&ouml;r fri publicering finns p&aring;&nbsp;www.profilgruppen.se.ProfilGruppen AB i sm&aring;l&auml;ndska &Aring;seda &auml;r en helhetsleverant&ouml;r av kundanpassade profiler och komponenter i aluminium. V&aring;r vision &#8230; <a title=\"\u00c4ndrad tidpunkt f\u00f6r del\u00e5rsrapportering andra kvartalet 2023\" class=\"read-more\" href=\"https:\/\/www.profilgruppen.se\/en\/pressmeddelanden\/andrad-tidpunkt-for-delarsrapportering-andra-kvartalet-2023\/\" aria-label=\"Read more about \u00c4ndrad tidpunkt f\u00f6r del\u00e5rsrapportering andra kvartalet 2023\">Read more<\/a><\/p>\n","protected":false},"template":"","mfn-news-tag":[81,86,44,43,46],"class_list":["post-1499","mfn_news","type-mfn_news","status-publish","hentry","mfn-news-tag-mfn-ci","mfn-news-tag-mfn-ci-calendar","mfn-news-tag-mfn-type-ir","mfn-news-tag-mfn","mfn-news-tag-mfn-lang-sv"],"acf":[],"_links":{"self":[{"href":"https:\/\/www.profilgruppen.se\/en\/wp-json\/wp\/v2\/mfn_news\/1499","targetHints":{"allow":["GET"]}}],"collection":[{"href":"https:\/\/www.profilgruppen.se\/en\/wp-json\/wp\/v2\/mfn_news"}],"about":[{"href":"https:\/\/www.profilgruppen.se\/en\/wp-json\/wp\/v2\/types\/mfn_news"}],"wp:attachment":[{"href":"https:\/\/www.profilgruppen.se\/en\/wp-json\/wp\/v2\/media?parent=1499"}],"wp:term":[{"taxonomy":"mfn-news-tag","embeddable":true,"href":"https:\/\/www.profilgruppen.se\/en\/wp-json\/wp\/v2\/mfn-news-tag?post=1499"}],"curies":[{"name":"wp","href":"https:\/\/api.w.org\/{rel}","templated":true}]}}